{"id":1099,"date":"2017-11-02T00:05:15","date_gmt":"2017-11-02T02:05:15","guid":{"rendered":"https:\/\/aprendizdomundo.com\/?p=1099"},"modified":"2017-11-02T00:05:15","modified_gmt":"2017-11-02T02:05:15","slug":"talentoemdestaque624","status":"publish","type":"post","link":"https:\/\/aprendizdomundo.com\/portal\/2017\/11\/02\/talentoemdestaque624\/","title":{"rendered":"Hoje tem Maglore no Magazine"},"content":{"rendered":"<p>O quadro <a title=\"Talento em Destaque\" href=\"https:\/\/aprendizdomundo.com\/radio\/programetes\/talento\/\">Talento em Destaque<\/a> de hoje, <strong>02\/11<\/strong>, mostra a m\u00fasica de <strong>Maglore<\/strong>.<\/p>\n<p><img decoding=\"async\" class=\"alignleft\" src=\"https:\/\/aprendizdomundo.com\/wp-content\/uploads\/talento\/maglore.jpg\" title=\"Maglore\" width=\"200\" height=\"200\" \/> O ano de 2009 marca a cria\u00e7\u00e3o, em Salvador, do grupo <strong>Maglore<\/strong>. Desde ent\u00e3o ativa na cena pop rock, a banda j\u00e1 re\u00fane quatro lan\u00e7amentos na sua discografia: Veroz, lan\u00e7ado em 2011; Vamos pra Rua, de 2013; III, de 2015; e Todas as Bandeiras, de 2017. A atual forma\u00e7\u00e3o \u00e9 composta por Lelo Brand\u00e3o, guitarra, teclados e voz; Felipe Dieder, bateria; Teago Oliveira, guitarra e voz; e Lucas Oliveira, baixo e voz.<\/p>\n<p>O <strong>Talento em Destaque<\/strong> abre a segunda meia hora do <a title=\"Magazine\" href=\"http:\/\/www.aprendizdomundo.com\/magazine\" target=\"_blank\" rel=\"noopener\">Magazine<\/a>, na faixa das 20h00 \u00e0s 21h00.<\/p>\n<p>O <strong>Magazine<\/strong> pode ser ouvido pelos <strong>800 AM<\/strong>, pelo <a title=\"R\u00e1dio Universidade AM\" href=\"http:\/\/www.ufsm.br\/radio\/\" target=\"_blank\" rel=\"noopener\">site da emissora<\/a> ou pelo smartphone, usando o aplicativo <a title=\"Procurar por R\u00e1dio Universidade 800 AM\" href=\"http:\/\/www.radios.com.br\/\" target=\"_blank\" rel=\"\u201cnoopener\u201d noopener\">RadiosNet<\/a>.<\/p>\n","protected":false},"excerpt":{"rendered":"<p>O quadro Talento em Destaque de hoje, 02\/11, mostra a m\u00fasica de Maglore. O ano de 2009 marca a cria\u00e7\u00e3o, em Salvador, do grupo Maglore. Desde ent\u00e3o ativa na cena pop rock, a banda j\u00e1 re\u00fane quatro lan\u00e7amentos na sua discografia: Veroz, lan\u00e7ado em 2011; Vamos pra Rua, de 2013; III, de 2015; e Todas [&#8230;] <\/p>\n<p class=\"more-link-container\"><a href=\"https:\/\/aprendizdomundo.com\/portal\/2017\/11\/02\/talentoemdestaque624\/\" class=\"more-link\">Read More<span class=\"screen-reader-text\"> &#8220;Hoje tem Maglore no Magazine&#8221;<\/span><\/a><\/p>\n","protected":false},"author":1,"featured_media":0,"comment_status":"closed","ping_status":"closed","sticky":false,"template":"","format":"standard","meta":{"_eb_attr":"","footnotes":""},"categories":[24],"tags":[69],"class_list":["post-1099","post","type-post","status-publish","format-standard","hentry","category-talento","tag-talentoemdestaque"],"nelio_content":{"autoShareEndMode":"never","automationSources":{"useCustomSentences":false,"customSentences":[]},"efiAlt":"","efiUrl":"","followers":[],"highlights":[],"isAutoShareEnabled":true,"networkImageIds":[],"permalinkQueryArgs":[],"series":[],"suggestedReferences":[]},"_links":{"self":[{"href":"https:\/\/aprendizdomundo.com\/portal\/wp-json\/wp\/v2\/posts\/1099","targetHints":{"allow":["GET"]}}],"collection":[{"href":"https:\/\/aprendizdomundo.com\/portal\/wp-json\/wp\/v2\/posts"}],"about":[{"href":"https:\/\/aprendizdomundo.com\/portal\/wp-json\/wp\/v2\/types\/post"}],"author":[{"embeddable":true,"href":"https:\/\/aprendizdomundo.com\/portal\/wp-json\/wp\/v2\/users\/1"}],"replies":[{"embeddable":true,"href":"https:\/\/aprendizdomundo.com\/portal\/wp-json\/wp\/v2\/comments?post=1099"}],"version-history":[{"count":0,"href":"https:\/\/aprendizdomundo.com\/portal\/wp-json\/wp\/v2\/posts\/1099\/revisions"}],"wp:attachment":[{"href":"https:\/\/aprendizdomundo.com\/portal\/wp-json\/wp\/v2\/media?parent=1099"}],"wp:term":[{"taxonomy":"category","embeddable":true,"href":"https:\/\/aprendizdomundo.com\/portal\/wp-json\/wp\/v2\/categories?post=1099"},{"taxonomy":"post_tag","embeddable":true,"href":"https:\/\/aprendizdomundo.com\/portal\/wp-json\/wp\/v2\/tags?post=1099"}],"curies":[{"name":"wp","href":"https:\/\/api.w.org\/{rel}","templated":true}]}}