{"id":1113,"date":"2017-11-02T00:07:20","date_gmt":"2017-11-02T02:07:20","guid":{"rendered":"https:\/\/aprendizdomundo.com\/?p=1113"},"modified":"2017-11-02T00:07:20","modified_gmt":"2017-11-02T02:07:20","slug":"atracaonacional35","status":"publish","type":"post","link":"https:\/\/aprendizdomundo.com\/portal\/2017\/11\/02\/atracaonacional35\/","title":{"rendered":"Dani Turcheto na Universidade AM nesta quinta, 02\/11"},"content":{"rendered":"<p><img decoding=\"async\" class=\"alignleft\" title=\"Atra\u00e7\u00e3o Nacional\" src=\"https:\/\/aprendizdomundo.com\/wp-content\/uploads\/talento\/daniturcheto.png\" alt=\"Atra\u00e7\u00e3o Nacional\" width=\"200\" height=\"200\" \/><a title=\"Atra\u00e7\u00e3o Nacional\" href=\"https:\/\/aprendizdomundo.com\/radio\/programas\/atracao\/\">Atra\u00e7\u00e3o Nacional<\/a> \u00e9 um programa cultural voltado \u00e0 execu\u00e7\u00e3o de artistas brasileiros contempor\u00e2neos, particularmente novas vozes da nossa m\u00fasica. Cada audi\u00e7\u00e3o destaca um talento, tocando uma sele\u00e7\u00e3o de suas grava\u00e7\u00f5es ou seu lan\u00e7amento mais recente na \u00edntegra.<\/p>\n<p>Nesta semana, o convidado \u00e9 <strong>Dani Turcheto<\/strong>. O compositor, cavaquinhista, cantor e produtor cultural paulistano Dani Turcheto \u00e9 graduado em engenharia, mas tem na m\u00fasica sua paix\u00e3o e realiza\u00e7\u00e3o, atrav\u00e9s dos in\u00fameros projetos que participa. S\u00f3cio de uma produtora cultural e de um est\u00fadio de grava\u00e7\u00f5es, foi por quatro anos curador do Teatro da Vila, na capital paulista, produzindo mais de 100 shows no per\u00edodo. Encantado pelas rodas de samba desde pequeno, atualmente canta e toca seu cavaquinho em tr\u00eas grupos, a Roda de Samba dos Amigos, o Samba Meu e o Samba de Bolso. Com este \u00faltimo, em 2013, esteve na Europa, tocando em casas de Lisboa, Barcelona, Paris e Londres.<\/p>\n<p>Dani Turcheto j\u00e1 tem uma discografia individual consistente, com tr\u00eas \u00e1lbuns lan\u00e7ados. Em 2009, na estreia, foi Sobremesa. Em 2012, Madeira Torta, parcialmente gravado em Nova Iorque. E em 2015, lan\u00e7ou Lapaemendoucomapompeia, escrito sem espa\u00e7os, numa palavra \u00fanica. A produ\u00e7\u00e3o \u00e9 de Pipo Pegoraro.<\/p>\n<p>O <strong>Atra\u00e7\u00e3o Nacional<\/strong> vai ao ar pela <a title=\"R\u00e1dio Universidade AM\" href=\"http:\/\/www.ufsm.br\/radio\/\" target=\"_blank\" rel=\"noopener\">Universidade AM<\/a>, toda quinta, na faixa das 22h00 \u00e0s 23h00. A produ\u00e7\u00e3o, sele\u00e7\u00e3o de repert\u00f3rio, apresenta\u00e7\u00e3o e edi\u00e7\u00e3o \u00e9 de Milton Oliveira.<\/p>\n<p>O programa pode ser ouvido pelos <strong>800 AM<\/strong>, pelo <a title=\"R\u00e1dio Universidade AM\" href=\"http:\/\/www.ufsm.br\/radio\/\" target=\"_blank\" rel=\"noopener\">site da emissora<\/a> ou pelo smartphone, usando o aplicativo <a title=\"Procurar por R\u00e1dio Universidade 800 AM\" href=\"http:\/\/www.radios.com.br\/\" target=\"_blank\" rel=\"noopener\">RadiosNet<\/a>.<\/p>\n","protected":false},"excerpt":{"rendered":"<p>Atra\u00e7\u00e3o Nacional \u00e9 um programa cultural voltado \u00e0 execu\u00e7\u00e3o de artistas brasileiros contempor\u00e2neos, particularmente novas vozes da nossa m\u00fasica. Cada audi\u00e7\u00e3o destaca um talento, tocando uma sele\u00e7\u00e3o de suas grava\u00e7\u00f5es ou seu lan\u00e7amento mais recente na \u00edntegra. Nesta semana, o convidado \u00e9 Dani Turcheto. O compositor, cavaquinhista, cantor e produtor cultural paulistano Dani Turcheto \u00e9 [&#8230;] <\/p>\n<p class=\"more-link-container\"><a href=\"https:\/\/aprendizdomundo.com\/portal\/2017\/11\/02\/atracaonacional35\/\" class=\"more-link\">Read More<span class=\"screen-reader-text\"> &#8220;Dani Turcheto na Universidade AM nesta quinta, 02\/11&#8221;<\/span><\/a><\/p>\n","protected":false},"author":1,"featured_media":0,"comment_status":"closed","ping_status":"closed","sticky":false,"template":"","format":"standard","meta":{"_eb_attr":"","footnotes":""},"categories":[4],"tags":[57],"class_list":["post-1113","post","type-post","status-publish","format-standard","hentry","category-atracao","tag-atracaonacional"],"nelio_content":{"autoShareEndMode":"never","automationSources":{"useCustomSentences":false,"customSentences":[]},"efiAlt":"","efiUrl":"","followers":[],"highlights":[],"isAutoShareEnabled":true,"networkImageIds":[],"permalinkQueryArgs":[],"series":[],"suggestedReferences":[]},"_links":{"self":[{"href":"https:\/\/aprendizdomundo.com\/portal\/wp-json\/wp\/v2\/posts\/1113","targetHints":{"allow":["GET"]}}],"collection":[{"href":"https:\/\/aprendizdomundo.com\/portal\/wp-json\/wp\/v2\/posts"}],"about":[{"href":"https:\/\/aprendizdomundo.com\/portal\/wp-json\/wp\/v2\/types\/post"}],"author":[{"embeddable":true,"href":"https:\/\/aprendizdomundo.com\/portal\/wp-json\/wp\/v2\/users\/1"}],"replies":[{"embeddable":true,"href":"https:\/\/aprendizdomundo.com\/portal\/wp-json\/wp\/v2\/comments?post=1113"}],"version-history":[{"count":0,"href":"https:\/\/aprendizdomundo.com\/portal\/wp-json\/wp\/v2\/posts\/1113\/revisions"}],"wp:attachment":[{"href":"https:\/\/aprendizdomundo.com\/portal\/wp-json\/wp\/v2\/media?parent=1113"}],"wp:term":[{"taxonomy":"category","embeddable":true,"href":"https:\/\/aprendizdomundo.com\/portal\/wp-json\/wp\/v2\/categories?post=1113"},{"taxonomy":"post_tag","embeddable":true,"href":"https:\/\/aprendizdomundo.com\/portal\/wp-json\/wp\/v2\/tags?post=1113"}],"curies":[{"name":"wp","href":"https:\/\/api.w.org\/{rel}","templated":true}]}}