{"id":12453,"date":"2019-08-25T06:00:18","date_gmt":"2019-08-25T09:00:18","guid":{"rendered":"https:\/\/aprendizdomundo.com\/?p=12453"},"modified":"2019-08-25T06:00:18","modified_gmt":"2019-08-25T09:00:18","slug":"atracaonacionalnaresonance061","status":"publish","type":"post","link":"https:\/\/aprendizdomundo.com\/portal\/2019\/08\/25\/atracaonacionalnaresonance061\/","title":{"rendered":"Vera Loca na Resonance neste domingo, 25\/08"},"content":{"rendered":"<p>Acompanhe o <strong>Atra\u00e7\u00e3o Nacional<\/strong> neste domingo, a partir das <strong>18h00<\/strong>, pela <a title=\"Resonance R\u00e1dio\" href=\"http:\/\/www.resonanceradio.com.br\/\" target=\"_blank\" rel=\"noopener noreferrer\">Resonance R\u00e1dio<\/a>.<\/p>\n<p><img decoding=\"async\" class=\"alignleft\" src=\"https:\/\/aprendizdomundo.com\/wp-content\/uploads\/musica\/veraloca.jpg\" title=\"Vera Loca\" width=\"200\" height=\"200\" \/>Em destaque, nesta semana, <strong>Vera Loca<\/strong>. Criada no in\u00edcio deste s\u00e9culo, em Porto Alegre, a banda <strong>Vera Loca<\/strong> re\u00fane os m\u00fasicos Fabr\u00edcio Beck, Diego Dias, Luigi Vieira, Hern\u00e1n Gonz\u00e1lez e Filipe Bortholuzzi, o Mumu. Sua discografia inclui sete t\u00edtulos, sendo o seu primeiro \u00e1lbum intitulado Meu Toca Discos se Matou, lan\u00e7ado em 2002; e o disco mais recente, A Certeza de Como Valeu Navegar Nesse Mar, de 2017.<\/p>\n<p>O <strong>Atra\u00e7\u00e3o Nacional<\/strong> vai ao ar pela <strong>Resonance R\u00e1dio<\/strong>, todo domingo, na faixa das 18h00 \u00e0s 19h00. A produ\u00e7\u00e3o, sele\u00e7\u00e3o de repert\u00f3rio, apresenta\u00e7\u00e3o e edi\u00e7\u00e3o \u00e9 de <a title=\"Milton Oliveira\" href=\"https:\/\/aprendizdomundo.com\/miltonoliveira\/\">Milton Oliveira<\/a>. \u00c9 uma cria\u00e7\u00e3o original para as emissoras p\u00fablicas da <strong>UFSM<\/strong>.<\/p>\n<p>O programa pode ser ouvido pela home page da emissora, em <a title=\"Resonance R\u00e1dio\" href=\"http:\/\/www.resonanceradio.com.br\/\" target=\"_blank\" rel=\"noopener noreferrer\">www.resonanceradio.com.br<\/a>, ou pelo smartphone, usando um dos aplicativos franquiados no pr\u00f3prio site.<\/p>\n<p>Tamb\u00e9m \u00e9 veiculado pela <a title=\"R\u00e1dio Universidade AM\" href=\"http:\/\/www.ufsm.br\/radio\/\" target=\"_blank\" rel=\"noopener noreferrer\">R\u00e1dio Universidade AM<\/a>, de segunda a sexta, na faixa das 20h00 \u00e0s 21h00; pela <a title=\"Uni FM\" href=\"http:\/\/www.ufsm.br\/radio\/\" target=\"_blank\" rel=\"noopener noreferrer\">Uni FM 107.9<\/a>, de segunda a sexta, na faixa das 22h00 \u00e0s 23h00; e pela <a title=\"R\u00e1dio Bloco\" href=\"http:\/\/www.radiobloco.net\/\" target=\"_blank\" rel=\"noopener noreferrer\">R\u00e1dio Bloco<\/a>, toda ter\u00e7a, na faixa das 19h00 \u00e0s 20h00. As audi\u00e7\u00f5es n\u00e3o s\u00e3o vinculadas, os destaques s\u00e3o sempre diferentes em cada emissora.<\/p>\n<p>Curta a fanpage do programa em <strong><a href=\"http:\/\/www.facebook.com\/atracaonacional\" target=\"_blank\" rel=\"noopener noreferrer\" title=\"Atra\u00e7\u00e3o Nacional no Facebook\">facebook.com\/atracaonacional<\/a><\/strong>.<\/p>\n","protected":false},"excerpt":{"rendered":"<p>Acompanhe o Atra\u00e7\u00e3o Nacional neste domingo, a partir das 18h00, pela Resonance R\u00e1dio. Em destaque, nesta semana, Vera Loca. Criada no in\u00edcio deste s\u00e9culo, em Porto Alegre, a banda Vera Loca re\u00fane os m\u00fasicos Fabr\u00edcio Beck, Diego Dias, Luigi Vieira, Hern\u00e1n Gonz\u00e1lez e Filipe Bortholuzzi, o Mumu. Sua discografia inclui sete t\u00edtulos, sendo o seu [&#8230;] <\/p>\n<p class=\"more-link-container\"><a href=\"https:\/\/aprendizdomundo.com\/portal\/2019\/08\/25\/atracaonacionalnaresonance061\/\" class=\"more-link\">Read More<span class=\"screen-reader-text\"> &#8220;Vera Loca na Resonance neste domingo, 25\/08&#8221;<\/span><\/a><\/p>\n","protected":false},"author":1,"featured_media":0,"comment_status":"closed","ping_status":"closed","sticky":false,"template":"","format":"standard","meta":{"_eb_attr":"","footnotes":""},"categories":[4],"tags":[49],"class_list":["post-12453","post","type-post","status-publish","format-standard","hentry","category-atracao","tag-musica-do-brasil"],"nelio_content":{"autoShareEndMode":"never","automationSources":{"useCustomSentences":false,"customSentences":[]},"efiAlt":"","efiUrl":"","followers":[],"highlights":[],"isAutoShareEnabled":true,"networkImageIds":[],"permalinkQueryArgs":[],"series":[],"suggestedReferences":[]},"_links":{"self":[{"href":"https:\/\/aprendizdomundo.com\/portal\/wp-json\/wp\/v2\/posts\/12453","targetHints":{"allow":["GET"]}}],"collection":[{"href":"https:\/\/aprendizdomundo.com\/portal\/wp-json\/wp\/v2\/posts"}],"about":[{"href":"https:\/\/aprendizdomundo.com\/portal\/wp-json\/wp\/v2\/types\/post"}],"author":[{"embeddable":true,"href":"https:\/\/aprendizdomundo.com\/portal\/wp-json\/wp\/v2\/users\/1"}],"replies":[{"embeddable":true,"href":"https:\/\/aprendizdomundo.com\/portal\/wp-json\/wp\/v2\/comments?post=12453"}],"version-history":[{"count":0,"href":"https:\/\/aprendizdomundo.com\/portal\/wp-json\/wp\/v2\/posts\/12453\/revisions"}],"wp:attachment":[{"href":"https:\/\/aprendizdomundo.com\/portal\/wp-json\/wp\/v2\/media?parent=12453"}],"wp:term":[{"taxonomy":"category","embeddable":true,"href":"https:\/\/aprendizdomundo.com\/portal\/wp-json\/wp\/v2\/categories?post=12453"},{"taxonomy":"post_tag","embeddable":true,"href":"https:\/\/aprendizdomundo.com\/portal\/wp-json\/wp\/v2\/tags?post=12453"}],"curies":[{"name":"wp","href":"https:\/\/api.w.org\/{rel}","templated":true}]}}