{"id":13023,"date":"2019-09-04T07:00:56","date_gmt":"2019-09-04T10:00:56","guid":{"rendered":"https:\/\/aprendizdomundo.com\/?p=13023"},"modified":"2019-09-04T07:00:56","modified_gmt":"2019-09-04T10:00:56","slug":"atracaonacionalunifm200","status":"publish","type":"post","link":"https:\/\/aprendizdomundo.com\/portal\/2019\/09\/04\/atracaonacionalunifm200\/","title":{"rendered":"D\u00e9bora Watts na Uni FM nesta quarta, 04\/09"},"content":{"rendered":"<p>Acompanhe o <a title=\"Atra\u00e7\u00e3o Nacional\" href=\"https:\/\/aprendizdomundo.com\/radio\/programas\/atracaonacional\/\" target=\"_blank\" rel=\"noopener noreferrer\">Atra\u00e7\u00e3o Nacional<\/a>, programa especializado na divulga\u00e7\u00e3o e valoriza\u00e7\u00e3o da m\u00fasica brasileira contempor\u00e2nea, a partir das 22h00 na programa\u00e7\u00e3o da <strong>107.9<\/strong>. Na audi\u00e7\u00e3o de hoje, destacamos <strong>D\u00e9bora Watts<\/strong>, na 200\u00aa edi\u00e7\u00e3o na Uni FM.<\/p>\n<p><img decoding=\"async\" class=\"alignleft\" src=\"https:\/\/aprendizdomundo.com\/wp-content\/uploads\/musica\/deborawatts.jpg\" title=\"D\u00e9bora Watts\" width=\"200\" height=\"200\" \/>Natural de Saquarema, cidade do interior fluminense onde nasceu em 1969, <strong>D\u00e9bora Watts<\/strong> diplomou-se em Farm\u00e1cia pela Universidade Federal do Rio de Janeiro. No segundo ano do mestrado em Qu\u00edmica Org\u00e2nica, decidiu afastar-se da vida academica para conhecer o mundo. Viajou por v\u00e1rios pa\u00edses, incluindo a \u00cdndia e o Nepal, aportando na cidade de Nova Iorque no ano de 1993.<\/p>\n<p>Hoje D\u00e9bora vive em Yonkers, no Condado de Westchester. Incentivada pelo marido, o pianista John Allen Watts, inciou uma bela carreira musical. O resultado j\u00e1 \u00e9 evidente em seus dois \u00e1lbuns, D\u00e9bora, lan\u00e7ado em 2010; e o autoral Um Samba ao Contr\u00e1rio, de 2017.<\/p>\n<p>O <strong>Atra\u00e7\u00e3o Nacional<\/strong> vai ao ar pela <a title=\"Uni FM\" href=\"http:\/\/www.ufsm.br\/radio\/\" target=\"_blank\" rel=\"noopener noreferrer\">Uni FM<\/a>, de segunda a sexta, na faixa das 22h00 \u00e0s 23h00. A produ\u00e7\u00e3o, sele\u00e7\u00e3o de repert\u00f3rio, apresenta\u00e7\u00e3o e edi\u00e7\u00e3o \u00e9 de Milton Oliveira.<\/p>\n<p>O programa pode ser ouvido pela frequ\u00eancia <strong>107.9<\/strong>, pelo <a title=\"Uni FM\" href=\"http:\/\/www.ufsm.br\/radio\/\" target=\"_blank\" rel=\"noopener noreferrer\">site da emissora<\/a> ou pelo perfil da r\u00e1dio na plataforma <a title=\"Farol UFSM\" href=\"http:\/\/farol.ufsm.br\/transmissao\/unifm\/\" target=\"_blank\" rel=\"noopener noreferrer\">Farol<\/a>.<\/p>\n<p>O <strong>Atra\u00e7\u00e3o Nacional<\/strong> tamb\u00e9m \u00e9 veiculado pela <a title=\"R\u00e1dio Universidade AM\" href=\"http:\/\/www.ufsm.br\/radio\/\" target=\"_blank\" rel=\"noopener noreferrer\">Universidade AM<\/a>, de segunda a sexta, na faixa das 20h00 \u00e0s 21h00; pela <a title=\"Resonance R\u00e1dio\" href=\"http:\/\/www.resonanceradio.com.br\/\" target=\"_blank\" rel=\"noopener noreferrer\">Resonance R\u00e1dio<\/a>, todo domingo, na faixa das 18h00 \u00e0s 19h00; e pela <a title=\"R\u00e1dio Bloco\" href=\"http:\/\/www.radiobloco.net\/\" target=\"_blank\" rel=\"noopener noreferrer\">R\u00e1dio Bloco<\/a>, toda ter\u00e7a, na faixa das 19h00 \u00e0s 20h00. As audi\u00e7\u00f5es n\u00e3o s\u00e3o vinculadas, os destaques s\u00e3o sempre diferentes em cada emissora.<\/p>\n<p>Curta a fanpage do nosso programa em <strong><a href=\"http:\/\/www.facebook.com\/atracaonacional\" target=\"_blank\" rel=\"noopener noreferrer\" title=\"Atra\u00e7\u00e3o Nacional no Facebook\">facebook.com\/atracaonacional<\/a><\/strong>.<\/p>\n","protected":false},"excerpt":{"rendered":"<p>Acompanhe o Atra\u00e7\u00e3o Nacional, programa especializado na divulga\u00e7\u00e3o e valoriza\u00e7\u00e3o da m\u00fasica brasileira contempor\u00e2nea, a partir das 22h00 na programa\u00e7\u00e3o da 107.9. Na audi\u00e7\u00e3o de hoje, destacamos D\u00e9bora Watts, na 200\u00aa edi\u00e7\u00e3o na Uni FM. Natural de Saquarema, cidade do interior fluminense onde nasceu em 1969, D\u00e9bora Watts diplomou-se em Farm\u00e1cia pela Universidade Federal do [&#8230;] <\/p>\n<p class=\"more-link-container\"><a href=\"https:\/\/aprendizdomundo.com\/portal\/2019\/09\/04\/atracaonacionalunifm200\/\" class=\"more-link\">Read More<span class=\"screen-reader-text\"> &#8220;D\u00e9bora Watts na Uni FM nesta quarta, 04\/09&#8221;<\/span><\/a><\/p>\n","protected":false},"author":1,"featured_media":0,"comment_status":"closed","ping_status":"closed","sticky":false,"template":"","format":"standard","meta":{"_eb_attr":"","footnotes":""},"categories":[4],"tags":[49],"class_list":["post-13023","post","type-post","status-publish","format-standard","hentry","category-atracao","tag-musica-do-brasil"],"nelio_content":{"autoShareEndMode":"never","automationSources":{"useCustomSentences":false,"customSentences":[]},"efiAlt":"","efiUrl":"","followers":[],"highlights":[],"isAutoShareEnabled":true,"networkImageIds":[],"permalinkQueryArgs":[],"series":[],"suggestedReferences":[]},"_links":{"self":[{"href":"https:\/\/aprendizdomundo.com\/portal\/wp-json\/wp\/v2\/posts\/13023","targetHints":{"allow":["GET"]}}],"collection":[{"href":"https:\/\/aprendizdomundo.com\/portal\/wp-json\/wp\/v2\/posts"}],"about":[{"href":"https:\/\/aprendizdomundo.com\/portal\/wp-json\/wp\/v2\/types\/post"}],"author":[{"embeddable":true,"href":"https:\/\/aprendizdomundo.com\/portal\/wp-json\/wp\/v2\/users\/1"}],"replies":[{"embeddable":true,"href":"https:\/\/aprendizdomundo.com\/portal\/wp-json\/wp\/v2\/comments?post=13023"}],"version-history":[{"count":0,"href":"https:\/\/aprendizdomundo.com\/portal\/wp-json\/wp\/v2\/posts\/13023\/revisions"}],"wp:attachment":[{"href":"https:\/\/aprendizdomundo.com\/portal\/wp-json\/wp\/v2\/media?parent=13023"}],"wp:term":[{"taxonomy":"category","embeddable":true,"href":"https:\/\/aprendizdomundo.com\/portal\/wp-json\/wp\/v2\/categories?post=13023"},{"taxonomy":"post_tag","embeddable":true,"href":"https:\/\/aprendizdomundo.com\/portal\/wp-json\/wp\/v2\/tags?post=13023"}],"curies":[{"name":"wp","href":"https:\/\/api.w.org\/{rel}","templated":true}]}}