{"id":13558,"date":"2019-10-27T06:00:35","date_gmt":"2019-10-27T09:00:35","guid":{"rendered":"https:\/\/aprendizdomundo.com\/?p=13558"},"modified":"2019-10-27T06:00:35","modified_gmt":"2019-10-27T09:00:35","slug":"atracaonacionalnaresonance070","status":"publish","type":"post","link":"https:\/\/aprendizdomundo.com\/portal\/2019\/10\/27\/atracaonacionalnaresonance070\/","title":{"rendered":"Mario Fernando na Resonance neste domingo, 27\/10"},"content":{"rendered":"<p>Acompanhe o <strong>Atra\u00e7\u00e3o Nacional<\/strong> neste domingo, a partir das <strong>18h00<\/strong>, pela <a title=\"Resonance R\u00e1dio\" href=\"http:\/\/www.resonanceradio.com.br\/\" target=\"_blank\" rel=\"noopener noreferrer\">Resonance R\u00e1dio<\/a>.<\/p>\n<p><img decoding=\"async\" class=\"alignleft\" src=\"https:\/\/aprendizdomundo.com\/wp-content\/uploads\/musica\/mariofernando.jpg\" title=\"Mario Fernando\" width=\"200\" height=\"200\" \/>Em destaque, nesta semana, <strong>Mario Fernando<\/strong>. O compositor e cantor M\u00e1rio Fernando Muniz Costa nasceu a 14 de abril de 1982, em S\u00e3o Lu\u00eds, capital do Maranh\u00e3o. Com mais de 15 anos de carreira, <strong>M\u00e1rio Fernando<\/strong> v\u00eam se apresentando em shows, eventos e bares pelas regi\u00f5es nordeste e centro-oeste, e tamb\u00e9m em S\u00e3o Paulo.<\/p>\n<p>Variando seu repert\u00f3rio entre interpreta\u00e7\u00f5es de grandes nomes e can\u00e7\u00f5es autorais, o artista j\u00e1 tem v\u00e1rios trabalhos lan\u00e7ados. Come\u00e7ou com Mario Fernando Ac\u00fastico, em 2002. Quatro anos depois, o \u00e1lbum recebeu o t\u00edtulo de Na Estrada. Na sequ\u00eancia, lan\u00e7ou Mario Fernando Internacional, reunindo somente covers, em 2008; o primeiro disco totalmente autoral, Eu, Eu Mesmo e o Compositor, em 2013; e o ac\u00fastico Recorda\u00e7\u00f5es, em 2015.<\/p>\n<p>O <strong>Atra\u00e7\u00e3o Nacional<\/strong> vai ao ar pela <strong>Resonance R\u00e1dio<\/strong>, todo domingo, na faixa das 18h00 \u00e0s 19h00. A produ\u00e7\u00e3o, sele\u00e7\u00e3o de repert\u00f3rio, apresenta\u00e7\u00e3o e edi\u00e7\u00e3o \u00e9 de <a title=\"Milton Oliveira\" href=\"https:\/\/aprendizdomundo.com\/miltonoliveira\/\">Milton Oliveira<\/a>. \u00c9 uma cria\u00e7\u00e3o original para as emissoras p\u00fablicas da <strong>UFSM<\/strong>.<\/p>\n<p>O programa pode ser ouvido pela home page da emissora, em <a title=\"Resonance R\u00e1dio\" href=\"http:\/\/www.resonanceradio.com.br\/\" target=\"_blank\" rel=\"noopener noreferrer\">www.resonanceradio.com.br<\/a>, ou pelo smartphone, usando um dos aplicativos franquiados no pr\u00f3prio site.<\/p>\n<p>Tamb\u00e9m \u00e9 veiculado pela <a title=\"R\u00e1dio Universidade AM\" href=\"http:\/\/www.ufsm.br\/radio\/\" target=\"_blank\" rel=\"noopener noreferrer\">R\u00e1dio Universidade AM<\/a>, de segunda a sexta, na faixa das 20h00 \u00e0s 21h00; pela <a title=\"Uni FM\" href=\"http:\/\/www.ufsm.br\/radio\/\" target=\"_blank\" rel=\"noopener noreferrer\">Uni FM 107.9<\/a>, de segunda a sexta, na faixa das 22h00 \u00e0s 23h00; e pela <a title=\"R\u00e1dio Bloco\" href=\"http:\/\/www.radiobloco.net\/\" target=\"_blank\" rel=\"noopener noreferrer\">R\u00e1dio Bloco<\/a>, toda ter\u00e7a, na faixa das 19h00 \u00e0s 20h00. As audi\u00e7\u00f5es n\u00e3o s\u00e3o vinculadas, os destaques s\u00e3o sempre diferentes em cada emissora.<\/p>\n<p>Curta a fanpage do programa em <strong><a href=\"http:\/\/www.facebook.com\/atracaonacional\" target=\"_blank\" rel=\"noopener noreferrer\" title=\"Atra\u00e7\u00e3o Nacional no Facebook\">facebook.com\/atracaonacional<\/a><\/strong>.<\/p>\n","protected":false},"excerpt":{"rendered":"<p>Acompanhe o Atra\u00e7\u00e3o Nacional neste domingo, a partir das 18h00, pela Resonance R\u00e1dio. Em destaque, nesta semana, Mario Fernando. O compositor e cantor M\u00e1rio Fernando Muniz Costa nasceu a 14 de abril de 1982, em S\u00e3o Lu\u00eds, capital do Maranh\u00e3o. Com mais de 15 anos de carreira, M\u00e1rio Fernando v\u00eam se apresentando em shows, eventos [&#8230;] <\/p>\n<p class=\"more-link-container\"><a href=\"https:\/\/aprendizdomundo.com\/portal\/2019\/10\/27\/atracaonacionalnaresonance070\/\" class=\"more-link\">Read More<span class=\"screen-reader-text\"> &#8220;Mario Fernando na Resonance neste domingo, 27\/10&#8221;<\/span><\/a><\/p>\n","protected":false},"author":1,"featured_media":0,"comment_status":"closed","ping_status":"closed","sticky":false,"template":"","format":"standard","meta":{"_eb_attr":"","footnotes":""},"categories":[4],"tags":[49],"class_list":["post-13558","post","type-post","status-publish","format-standard","hentry","category-atracao","tag-musica-do-brasil"],"nelio_content":{"autoShareEndMode":"never","automationSources":{"useCustomSentences":false,"customSentences":[]},"efiAlt":"","efiUrl":"","followers":[],"highlights":[],"isAutoShareEnabled":true,"networkImageIds":[],"permalinkQueryArgs":[],"series":[],"suggestedReferences":[]},"_links":{"self":[{"href":"https:\/\/aprendizdomundo.com\/portal\/wp-json\/wp\/v2\/posts\/13558","targetHints":{"allow":["GET"]}}],"collection":[{"href":"https:\/\/aprendizdomundo.com\/portal\/wp-json\/wp\/v2\/posts"}],"about":[{"href":"https:\/\/aprendizdomundo.com\/portal\/wp-json\/wp\/v2\/types\/post"}],"author":[{"embeddable":true,"href":"https:\/\/aprendizdomundo.com\/portal\/wp-json\/wp\/v2\/users\/1"}],"replies":[{"embeddable":true,"href":"https:\/\/aprendizdomundo.com\/portal\/wp-json\/wp\/v2\/comments?post=13558"}],"version-history":[{"count":0,"href":"https:\/\/aprendizdomundo.com\/portal\/wp-json\/wp\/v2\/posts\/13558\/revisions"}],"wp:attachment":[{"href":"https:\/\/aprendizdomundo.com\/portal\/wp-json\/wp\/v2\/media?parent=13558"}],"wp:term":[{"taxonomy":"category","embeddable":true,"href":"https:\/\/aprendizdomundo.com\/portal\/wp-json\/wp\/v2\/categories?post=13558"},{"taxonomy":"post_tag","embeddable":true,"href":"https:\/\/aprendizdomundo.com\/portal\/wp-json\/wp\/v2\/tags?post=13558"}],"curies":[{"name":"wp","href":"https:\/\/api.w.org\/{rel}","templated":true}]}}