{"id":1487,"date":"2017-11-07T00:05:10","date_gmt":"2017-11-07T02:05:10","guid":{"rendered":"https:\/\/aprendizdomundo.com\/?p=1487"},"modified":"2017-11-07T00:05:10","modified_gmt":"2017-11-07T02:05:10","slug":"talentoemdestaque627","status":"publish","type":"post","link":"https:\/\/aprendizdomundo.com\/portal\/2017\/11\/07\/talentoemdestaque627\/","title":{"rendered":"Hoje tem Tiago Bettencourt no Magazine"},"content":{"rendered":"<p>O quadro <a title=\"Talento em Destaque\" href=\"https:\/\/aprendizdomundo.com\/radio\/programetes\/talento\/\">Talento em Destaque<\/a> de hoje, <strong>07\/11<\/strong>, mostra a m\u00fasica do lusitano <strong>Tiago Bettencourt<\/strong>.<\/p>\n<p><img decoding=\"async\" class=\"alignleft\" src=\"https:\/\/aprendizdomundo.com\/wp-content\/uploads\/talento\/tiagobettencourt.jpg\" title=\"Tiago Bettencourt\" width=\"200\" height=\"200\" \/>O pianista, guitarrista, cantor e compositor portugu\u00eas Tiago de Albergaria Pinheiro Goulart de Bettencourt nasceu a 16 de setembro de 1979 na freguesia de Santa Cruz, em Coimbra, mas cresceu em Lisboa. <strong>Tiago Bettencourt<\/strong> come\u00e7ou sua carreira profissional como vocalista da Toranja, no ano de 2000. A banda gravou dois \u00e1lbuns, lan\u00e7ados em 2003 e 2006. Depois, Tiago partiu para carreira solo. Sua discografia individual re\u00fane os t\u00edtulos O Jardim, gravado no Canad\u00e1, de 2007; Em Fuga, de 2010; Tiago na Toca &#038; Os Poetas, de 2011; Ac\u00fastico, de 2012; e Do Princ\u00edpio, de 2014.<\/p>\n<p>O <strong>Talento em Destaque<\/strong> abre a segunda meia hora do <a title=\"Magazine\" href=\"http:\/\/www.aprendizdomundo.com\/magazine\" target=\"_blank\" rel=\"noopener\">Magazine<\/a>, na faixa das 20h00 \u00e0s 21h00.<\/p>\n<p>O <strong>Magazine<\/strong> pode ser ouvido pelos <strong>800 AM<\/strong>, pelo <a title=\"R\u00e1dio Universidade AM\" href=\"http:\/\/www.ufsm.br\/radio\/\" target=\"_blank\" rel=\"noopener\">site da emissora<\/a> ou pelo smartphone, usando o aplicativo <a title=\"Procurar por R\u00e1dio Universidade 800 AM\" href=\"http:\/\/www.radios.com.br\/\" target=\"_blank\" rel=\"\u201cnoopener\u201d noopener\">RadiosNet<\/a>.<\/p>\n","protected":false},"excerpt":{"rendered":"<p>O quadro Talento em Destaque de hoje, 07\/11, mostra a m\u00fasica do lusitano Tiago Bettencourt. O pianista, guitarrista, cantor e compositor portugu\u00eas Tiago de Albergaria Pinheiro Goulart de Bettencourt nasceu a 16 de setembro de 1979 na freguesia de Santa Cruz, em Coimbra, mas cresceu em Lisboa. Tiago Bettencourt come\u00e7ou sua carreira profissional como vocalista [&#8230;] <\/p>\n<p class=\"more-link-container\"><a href=\"https:\/\/aprendizdomundo.com\/portal\/2017\/11\/07\/talentoemdestaque627\/\" class=\"more-link\">Read More<span class=\"screen-reader-text\"> &#8220;Hoje tem Tiago Bettencourt no Magazine&#8221;<\/span><\/a><\/p>\n","protected":false},"author":1,"featured_media":0,"comment_status":"closed","ping_status":"closed","sticky":false,"template":"","format":"standard","meta":{"_eb_attr":"","footnotes":""},"categories":[24],"tags":[68],"class_list":["post-1487","post","type-post","status-publish","format-standard","hentry","category-talento","tag-talentosdeportugal"],"nelio_content":{"autoShareEndMode":"never","automationSources":{"useCustomSentences":false,"customSentences":[]},"efiAlt":"","efiUrl":"","followers":[],"highlights":[],"isAutoShareEnabled":true,"networkImageIds":[],"permalinkQueryArgs":[],"series":[],"suggestedReferences":[]},"_links":{"self":[{"href":"https:\/\/aprendizdomundo.com\/portal\/wp-json\/wp\/v2\/posts\/1487","targetHints":{"allow":["GET"]}}],"collection":[{"href":"https:\/\/aprendizdomundo.com\/portal\/wp-json\/wp\/v2\/posts"}],"about":[{"href":"https:\/\/aprendizdomundo.com\/portal\/wp-json\/wp\/v2\/types\/post"}],"author":[{"embeddable":true,"href":"https:\/\/aprendizdomundo.com\/portal\/wp-json\/wp\/v2\/users\/1"}],"replies":[{"embeddable":true,"href":"https:\/\/aprendizdomundo.com\/portal\/wp-json\/wp\/v2\/comments?post=1487"}],"version-history":[{"count":0,"href":"https:\/\/aprendizdomundo.com\/portal\/wp-json\/wp\/v2\/posts\/1487\/revisions"}],"wp:attachment":[{"href":"https:\/\/aprendizdomundo.com\/portal\/wp-json\/wp\/v2\/media?parent=1487"}],"wp:term":[{"taxonomy":"category","embeddable":true,"href":"https:\/\/aprendizdomundo.com\/portal\/wp-json\/wp\/v2\/categories?post=1487"},{"taxonomy":"post_tag","embeddable":true,"href":"https:\/\/aprendizdomundo.com\/portal\/wp-json\/wp\/v2\/tags?post=1487"}],"curies":[{"name":"wp","href":"https:\/\/api.w.org\/{rel}","templated":true}]}}