{"id":25310,"date":"2021-05-27T00:11:44","date_gmt":"2021-05-27T03:11:44","guid":{"rendered":"https:\/\/aprendizdomundo.com\/?p=25310"},"modified":"2021-05-27T00:11:44","modified_gmt":"2021-05-27T03:11:44","slug":"sarandeio1798","status":"publish","type":"post","link":"https:\/\/aprendizdomundo.com\/portal\/2021\/05\/27\/sarandeio1798\/","title":{"rendered":"Sarandeio na programa\u00e7\u00e3o dos 800 AM nesta quinta, 27\/05"},"content":{"rendered":"<p><img decoding=\"async\" class=\"alignleft\" title=\"Sarandeio\" src=\"https:\/\/aprendizdomundo.com\/wp-content\/uploads\/blog\/sarandeio_quinta.png\" alt=\"Sarandeio\" width=\"200\" height=\"200\" \/>Acompanhe o <strong>Sarandeio<\/strong> nesta quinta, a partir das <strong>05h00<\/strong>, pela <a title=\"R\u00e1dio Universidade AM\" href=\"http:\/\/www.ufsm.br\/radio\/\" target=\"_blank\" rel=\"noopener\">R\u00e1dio Universidade AM<\/a>. Hoje, dia muito especial, quando a emissora completa 53 anos da sua instala\u00e7\u00e3o oficial, ocorrida em 27 de maio de 1968, numa iniciativa do ent\u00e3o reitor (e fundador da UFSM) Jos\u00e9 Mariano da Rocha Filho.<\/p>\n<p><a title=\"Sarandeio\" href=\"https:\/\/aprendizdomundo.com\/radio\/faixas\/sarandeio\/\">Sarandeio<\/a> \u00e9 uma faixa musical dedicada \u00e0 m\u00fasica ga\u00facha, especialmente a vertente fandangueira. A atra\u00e7\u00e3o re\u00fane can\u00e7\u00f5es de int\u00e9rpretes e grupos do Rio Grande do Sul e, tamb\u00e9m, artistas de outros estados que igualmente produzem m\u00fasica fandangueira.<\/p>\n<p>O <strong>Sarandeio<\/strong>, vai ao ar pela <strong>Universidade AM<\/strong>, todos os dias, na faixa das 05h00 \u00e0s 07h00. A produ\u00e7\u00e3o, sele\u00e7\u00e3o de repert\u00f3rio e edi\u00e7\u00e3o \u00e9 de <a title=\"Links de Milton Oliveira\" target=\"_blank\" rel=\"noopener\" href=\"https:\/\/apptuts.bio\/miltonoliveira\">Milton Oliveira<\/a>.<\/p>\n<p>O programa pode ser ouvido pelos <strong>800 AM<\/strong>, pelo <a title=\"R\u00e1dio Universidade AM\" href=\"http:\/\/www.ufsm.br\/radio\/\" target=\"_blank\" rel=\"noopener\">site da emissora<\/a> ou pelo perfil da r\u00e1dio na plataforma <a title=\"Farol UFSM\" href=\"http:\/\/farol.ufsm.br\/transmissao\/radio-am\/\" target=\"_blank\" rel=\"noopener\">Farol<\/a>.<\/p>\n","protected":false},"excerpt":{"rendered":"<p>Acompanhe o Sarandeio nesta quinta, a partir das 05h00, pela R\u00e1dio Universidade AM. Hoje, dia muito especial, quando a emissora completa 53 anos da sua instala\u00e7\u00e3o oficial, ocorrida em 27 de maio de 1968, numa iniciativa do ent\u00e3o reitor (e fundador da UFSM) Jos\u00e9 Mariano da Rocha Filho. Sarandeio \u00e9 uma faixa musical dedicada \u00e0 [&#8230;] <\/p>\n<p class=\"more-link-container\"><a href=\"https:\/\/aprendizdomundo.com\/portal\/2021\/05\/27\/sarandeio1798\/\" class=\"more-link\">Read More<span class=\"screen-reader-text\"> &#8220;Sarandeio na programa\u00e7\u00e3o dos 800 AM nesta quinta, 27\/05&#8221;<\/span><\/a><\/p>\n","protected":false},"author":1,"featured_media":0,"comment_status":"closed","ping_status":"closed","sticky":false,"template":"","format":"standard","meta":{"_eb_attr":"","footnotes":""},"categories":[22],"tags":[51],"class_list":["post-25310","post","type-post","status-publish","format-standard","hentry","category-sarandeio","tag-sarandeio"],"nelio_content":{"autoShareEndMode":"never","automationSources":{"useCustomSentences":false,"customSentences":[]},"efiAlt":"","efiUrl":"","followers":[],"highlights":[],"isAutoShareEnabled":true,"networkImageIds":[],"permalinkQueryArgs":[],"series":[],"suggestedReferences":[]},"_links":{"self":[{"href":"https:\/\/aprendizdomundo.com\/portal\/wp-json\/wp\/v2\/posts\/25310","targetHints":{"allow":["GET"]}}],"collection":[{"href":"https:\/\/aprendizdomundo.com\/portal\/wp-json\/wp\/v2\/posts"}],"about":[{"href":"https:\/\/aprendizdomundo.com\/portal\/wp-json\/wp\/v2\/types\/post"}],"author":[{"embeddable":true,"href":"https:\/\/aprendizdomundo.com\/portal\/wp-json\/wp\/v2\/users\/1"}],"replies":[{"embeddable":true,"href":"https:\/\/aprendizdomundo.com\/portal\/wp-json\/wp\/v2\/comments?post=25310"}],"version-history":[{"count":0,"href":"https:\/\/aprendizdomundo.com\/portal\/wp-json\/wp\/v2\/posts\/25310\/revisions"}],"wp:attachment":[{"href":"https:\/\/aprendizdomundo.com\/portal\/wp-json\/wp\/v2\/media?parent=25310"}],"wp:term":[{"taxonomy":"category","embeddable":true,"href":"https:\/\/aprendizdomundo.com\/portal\/wp-json\/wp\/v2\/categories?post=25310"},{"taxonomy":"post_tag","embeddable":true,"href":"https:\/\/aprendizdomundo.com\/portal\/wp-json\/wp\/v2\/tags?post=25310"}],"curies":[{"name":"wp","href":"https:\/\/api.w.org\/{rel}","templated":true}]}}