{"id":28103,"date":"2021-09-11T05:30:38","date_gmt":"2021-09-11T08:30:38","guid":{"rendered":"https:\/\/aprendizdomundo.com\/?p=28103"},"modified":"2021-09-11T05:30:38","modified_gmt":"2021-09-11T08:30:38","slug":"calhandranativa001","status":"publish","type":"post","link":"https:\/\/aprendizdomundo.com\/portal\/2021\/09\/11\/calhandranativa001\/","title":{"rendered":"Calhandra Nativa na Universidade AM na tarde deste s\u00e1bado, 11\/09"},"content":{"rendered":"<p><img decoding=\"async\" class=\"alignleft\" title=\"Calhandra Nativa\" src=\"https:\/\/aprendizdomundo.com\/wp-content\/uploads\/blog\/calhandra.png\" alt=\"Calhandra Nativa\" width=\"200\" height=\"200\" \/>Acompanhe a estreia de <strong>Calhandra Nativa<\/strong> neste s\u00e1bado, a partir das <strong>17h00<\/strong>, pela <a title=\"R\u00e1dio Universidade AM\" href=\"http:\/\/www.ufsm.br\/radio\/\" target=\"_blank\" rel=\"noopener\">R\u00e1dio Universidade AM<\/a>.<\/p>\n<p><a title=\"Calhandra Nativa\" href=\"https:\/\/aprendizdomundo.com\/radio\/faixas\/calhandra\/\">Calhandra Nativa<\/a> \u00e9 uma faixa musical dedicada exclusivamente \u00e0 execu\u00e7\u00e3o de can\u00e7\u00f5es nativistas ga\u00fachas.<\/p>\n<p>As m\u00fasicas escolhidas para a audi\u00e7\u00e3o desta semana s\u00e3o as seguintes:<\/p>\n<p>Ant\u00f4nio Gringo &#8211; M\u00e3os Rurais<br \/>\nEco do Rio Grande &#8211; L\u00e1 no Meu Lugar<br \/>\nPaullo Costa &#8211; Isto \u00e9 Rio Grande<br \/>\nLuiz Carlos Borges e Neto Fagundes &#8211; Chamamecero<br \/>\nAnalise Severo &#8211; Milonga de Mil Colores<br \/>\n\u00c9rlon P\u00e9ricles &#8211; Pelo V\u00e9u das \u00c1guas<br \/>\nC\u00e9sar Passarinho &#8211; Fim de M\u00eas<br \/>\nC\u00e9sar Oliveira e Rog\u00e9rio Melo &#8211; Alma de Fronteira<br \/>\nCristiano Quevedo &#8211; Eu Sou do Sul<br \/>\nLuiz Marenco &#8211; Milong\u00e3o de Assobiar Desencilhando<br \/>\nAdriano Tarouco &#8211; Deserdado<br \/>\nFl\u00e1vio Hanssen &#8211; De Companheira<br \/>\nMaur\u00edcio Rigon &#8211; Pra Quem Morre de a Cavalo<br \/>\nJoca Martins &#8211; De Ilha e de Rio<\/p>\n<p><strong>Calhandra Nativa<\/strong> vai ao ar pela <strong>Universidade AM<\/strong>, todo s\u00e1bado, no hor\u00e1rio das 17h00 \u00e0s 18h00, alternando com as temporadas de Ao Sul do Mundo, programa produzido pelo curso de Jornalismo da UFSM-FW. A produ\u00e7\u00e3o, sele\u00e7\u00e3o de repert\u00f3rio e edi\u00e7\u00e3o \u00e9 de <a title=\"Links de Milton Oliveira\" target=\"_blank\" rel=\"noopener\" href=\"https:\/\/apptuts.bio\/miltonoliveira\">Milton Oliveira<\/a>.<\/p>\n<p>O programa pode ser ouvido pelos <strong>800 AM<\/strong>, pelo <a title=\"R\u00e1dio Universidade AM\" href=\"http:\/\/www.ufsm.br\/radio\/\" target=\"_blank\" rel=\"noopener\">site da emissora<\/a> ou pelo perfil da r\u00e1dio na plataforma <a title=\"Farol UFSM\" href=\"http:\/\/farol.ufsm.br\/transmissao\/radio-am\/\" target=\"_blank\" rel=\"noopener\">Farol<\/a>.<\/p>\n","protected":false},"excerpt":{"rendered":"<p>Acompanhe a estreia de Calhandra Nativa neste s\u00e1bado, a partir das 17h00, pela R\u00e1dio Universidade AM. Calhandra Nativa \u00e9 uma faixa musical dedicada exclusivamente \u00e0 execu\u00e7\u00e3o de can\u00e7\u00f5es nativistas ga\u00fachas. As m\u00fasicas escolhidas para a audi\u00e7\u00e3o desta semana s\u00e3o as seguintes: Ant\u00f4nio Gringo &#8211; M\u00e3os Rurais Eco do Rio Grande &#8211; L\u00e1 no Meu Lugar [&#8230;] <\/p>\n<p class=\"more-link-container\"><a href=\"https:\/\/aprendizdomundo.com\/portal\/2021\/09\/11\/calhandranativa001\/\" class=\"more-link\">Read More<span class=\"screen-reader-text\"> &#8220;Calhandra Nativa na Universidade AM na tarde deste s\u00e1bado, 11\/09&#8221;<\/span><\/a><\/p>\n","protected":false},"author":1,"featured_media":0,"comment_status":"closed","ping_status":"closed","sticky":false,"template":"","format":"standard","meta":{"_eb_attr":"","footnotes":""},"categories":[7],"tags":[56],"class_list":["post-28103","post","type-post","status-publish","format-standard","hentry","category-calhandra","tag-musica-nativista"],"nelio_content":{"autoShareEndMode":"never","automationSources":{"useCustomSentences":false,"customSentences":[]},"efiAlt":"","efiUrl":"","followers":[],"highlights":[],"isAutoShareEnabled":true,"networkImageIds":[],"permalinkQueryArgs":[],"series":[],"suggestedReferences":[]},"_links":{"self":[{"href":"https:\/\/aprendizdomundo.com\/portal\/wp-json\/wp\/v2\/posts\/28103","targetHints":{"allow":["GET"]}}],"collection":[{"href":"https:\/\/aprendizdomundo.com\/portal\/wp-json\/wp\/v2\/posts"}],"about":[{"href":"https:\/\/aprendizdomundo.com\/portal\/wp-json\/wp\/v2\/types\/post"}],"author":[{"embeddable":true,"href":"https:\/\/aprendizdomundo.com\/portal\/wp-json\/wp\/v2\/users\/1"}],"replies":[{"embeddable":true,"href":"https:\/\/aprendizdomundo.com\/portal\/wp-json\/wp\/v2\/comments?post=28103"}],"version-history":[{"count":0,"href":"https:\/\/aprendizdomundo.com\/portal\/wp-json\/wp\/v2\/posts\/28103\/revisions"}],"wp:attachment":[{"href":"https:\/\/aprendizdomundo.com\/portal\/wp-json\/wp\/v2\/media?parent=28103"}],"wp:term":[{"taxonomy":"category","embeddable":true,"href":"https:\/\/aprendizdomundo.com\/portal\/wp-json\/wp\/v2\/categories?post=28103"},{"taxonomy":"post_tag","embeddable":true,"href":"https:\/\/aprendizdomundo.com\/portal\/wp-json\/wp\/v2\/tags?post=28103"}],"curies":[{"name":"wp","href":"https:\/\/api.w.org\/{rel}","templated":true}]}}