{"id":30041,"date":"2021-12-11T05:00:01","date_gmt":"2021-12-11T08:00:01","guid":{"rendered":"https:\/\/aprendizdomundo.com\/?p=30041"},"modified":"2021-12-11T05:00:01","modified_gmt":"2021-12-11T08:00:01","slug":"calhandranativa014","status":"publish","type":"post","link":"https:\/\/aprendizdomundo.com\/portal\/2021\/12\/11\/calhandranativa014\/","title":{"rendered":"Calhandra Nativa na Universidade AM na tarde deste s\u00e1bado, 11\/12"},"content":{"rendered":"<p><img decoding=\"async\" class=\"alignleft\" title=\"Calhandra Nativa\" src=\"https:\/\/aprendizdomundo.com\/wp-content\/uploads\/blog\/calhandra.png\" alt=\"Calhandra Nativa\" width=\"200\" height=\"200\" \/>Acompanhe <strong>Calhandra Nativa<\/strong> neste s\u00e1bado, a partir das <strong>17h00<\/strong>, pela <a title=\"R\u00e1dio Universidade AM\" href=\"https:\/\/www.ufsm.br\/radio\" target=\"_blank\" rel=\"noopener\">R\u00e1dio Universidade AM<\/a>.<\/p>\n<p><a title=\"Calhandra Nativa\" href=\"https:\/\/aprendizdomundo.com\/radio\/faixas\/calhandra\/\">Calhandra Nativa<\/a> \u00e9 uma faixa musical dedicada exclusivamente \u00e0 execu\u00e7\u00e3o de can\u00e7\u00f5es nativistas ga\u00fachas.<\/p>\n<p>As m\u00fasicas escolhidas para a audi\u00e7\u00e3o desta semana s\u00e3o as seguintes:<\/p>\n<p>Nilton Ferreira &#8211; Na Cruz de um Ginete<br \/>\nLeonardo Paim &#8211; De Campo e Rio<br \/>\nGrupo Caver\u00e1 &#8211; Os Homens de Preto<br \/>\nJuliano Javoski &#8211; Um Acordeon Feiticeiro<br \/>\nErivelto Pires &#8211; Madrugadas Gavionas<br \/>\nEri Cortes &#8211; Naqueles Tempos<br \/>\nCristiano Fantinel &#8211; Pescadores de Pedregulho<br \/>\nHelio Augusto &#8211; Um Poncho Pra Teus Olhos<br \/>\nAnalise Severo e Jean Kirchoff &#8211; Orgulho Ga\u00facho<br \/>\nJari Terres e Leonel Gomez &#8211; Homens e Chuvas<br \/>\nNeto Fagundes &#8211; O Canto dos Livres<br \/>\nBando Ga\u00facho &#8211; Amansador de Cavalo<br \/>\nElton Saldanha &#8211; P\u00e9 no Estribo<br \/>\nPirisca Grecco, \u00c9rlon P\u00e9ricles, Jo\u00e3o Chagas Leite e \u00c2ngelo Franco &#8211; Amigos do Vento<\/p>\n<p><strong>Calhandra Nativa<\/strong> vai ao ar pela <strong>Universidade AM<\/strong>, todo s\u00e1bado, no hor\u00e1rio das 17h00 \u00e0s 18h00, alternando com as temporadas de Ao Sul do Mundo, programa produzido pelo curso de Jornalismo da UFSM-FW. A produ\u00e7\u00e3o, sele\u00e7\u00e3o de repert\u00f3rio e edi\u00e7\u00e3o \u00e9 de <a title=\"Links de Milton Oliveira\" target=\"_blank\" rel=\"noopener\" href=\"https:\/\/apptuts.bio\/miltonoliveira\">Milton Oliveira<\/a>.<\/p>\n<p>O programa pode ser ouvido pelos <strong>800 AM<\/strong>, pelo <a title=\"R\u00e1dio Universidade AM\" href=\"https:\/\/www.ufsm.br\/radio\" target=\"_blank\" rel=\"noopener\">site da emissora<\/a> ou pelo perfil da r\u00e1dio na plataforma <a title=\"Farol UFSM\" href=\"http:\/\/farol.ufsm.br\/transmissao\/radio-am\/\" target=\"_blank\" rel=\"noopener\">Farol<\/a>.<\/p>\n","protected":false},"excerpt":{"rendered":"<p>Acompanhe Calhandra Nativa neste s\u00e1bado, a partir das 17h00, pela R\u00e1dio Universidade AM. Calhandra Nativa \u00e9 uma faixa musical dedicada exclusivamente \u00e0 execu\u00e7\u00e3o de can\u00e7\u00f5es nativistas ga\u00fachas. As m\u00fasicas escolhidas para a audi\u00e7\u00e3o desta semana s\u00e3o as seguintes: Nilton Ferreira &#8211; Na Cruz de um Ginete Leonardo Paim &#8211; De Campo e Rio Grupo Caver\u00e1 [&#8230;] <\/p>\n<p class=\"more-link-container\"><a href=\"https:\/\/aprendizdomundo.com\/portal\/2021\/12\/11\/calhandranativa014\/\" class=\"more-link\">Read More<span class=\"screen-reader-text\"> &#8220;Calhandra Nativa na Universidade AM na tarde deste s\u00e1bado, 11\/12&#8221;<\/span><\/a><\/p>\n","protected":false},"author":1,"featured_media":0,"comment_status":"closed","ping_status":"closed","sticky":false,"template":"","format":"standard","meta":{"_eb_attr":"","footnotes":""},"categories":[7],"tags":[56],"class_list":["post-30041","post","type-post","status-publish","format-standard","hentry","category-calhandra","tag-musica-nativista"],"nelio_content":{"autoShareEndMode":"never","automationSources":{"useCustomSentences":false,"customSentences":[]},"efiAlt":"","efiUrl":"","followers":[],"highlights":[],"isAutoShareEnabled":true,"networkImageIds":[],"permalinkQueryArgs":[],"series":[],"suggestedReferences":[]},"_links":{"self":[{"href":"https:\/\/aprendizdomundo.com\/portal\/wp-json\/wp\/v2\/posts\/30041","targetHints":{"allow":["GET"]}}],"collection":[{"href":"https:\/\/aprendizdomundo.com\/portal\/wp-json\/wp\/v2\/posts"}],"about":[{"href":"https:\/\/aprendizdomundo.com\/portal\/wp-json\/wp\/v2\/types\/post"}],"author":[{"embeddable":true,"href":"https:\/\/aprendizdomundo.com\/portal\/wp-json\/wp\/v2\/users\/1"}],"replies":[{"embeddable":true,"href":"https:\/\/aprendizdomundo.com\/portal\/wp-json\/wp\/v2\/comments?post=30041"}],"version-history":[{"count":0,"href":"https:\/\/aprendizdomundo.com\/portal\/wp-json\/wp\/v2\/posts\/30041\/revisions"}],"wp:attachment":[{"href":"https:\/\/aprendizdomundo.com\/portal\/wp-json\/wp\/v2\/media?parent=30041"}],"wp:term":[{"taxonomy":"category","embeddable":true,"href":"https:\/\/aprendizdomundo.com\/portal\/wp-json\/wp\/v2\/categories?post=30041"},{"taxonomy":"post_tag","embeddable":true,"href":"https:\/\/aprendizdomundo.com\/portal\/wp-json\/wp\/v2\/tags?post=30041"}],"curies":[{"name":"wp","href":"https:\/\/api.w.org\/{rel}","templated":true}]}}