{"id":34230,"date":"2023-01-21T19:00:20","date_gmt":"2023-01-21T22:00:20","guid":{"rendered":"https:\/\/aprendizdomundo.com\/?p=34230"},"modified":"2023-01-21T19:00:20","modified_gmt":"2023-01-21T22:00:20","slug":"sarandeio2099","status":"publish","type":"post","link":"https:\/\/aprendizdomundo.com\/portal\/2023\/01\/21\/sarandeio2099\/","title":{"rendered":"Sarandeio na programa\u00e7\u00e3o dos 800 AM neste domingo, 22\/01"},"content":{"rendered":"<p><img decoding=\"async\" class=\"alignleft\" title=\"Sarandeio\" src=\"https:\/\/aprendizdomundo.com\/wp-content\/uploads\/blog\/sarandeio_d22.png\" alt=\"Sarandeio\" width=\"200\" height=\"200\" \/>Acompanhe o <strong>Sarandeio<\/strong> na pr\u00f3xima madrugada, a partir das <strong>05h00<\/strong>, pela <a title=\"R\u00e1dio Universidade AM\" href=\"https:\/\/www.ufsm.br\/radio\" target=\"_blank\" rel=\"noopener\">R\u00e1dio Universidade AM<\/a>.<\/p>\n<p>A sele\u00e7\u00e3o musical vai destacar&#8230;<\/p>\n<p>Grupo Quero-Quero &#8211; Chora Saudade no Peito<br \/>\nGrupo Minuano &#8211; Caminhos do Jaguari<br \/>\nEdilberto B\u00e9rgamo &#8211; Entreveiro<br \/>\nAbramo Machado e Felipe Ara\u00fajo &#8211; No Rastro da Gadaria<br \/>\nElton Saldanha &#8211; Ronda de Tropa<br \/>\nOs Mirins &#8211; Zaino dos Cinco Salsos<br \/>\nJari Terres &#8211; No Cora\u00e7\u00e3o do Meu Pago<br \/>\nWalther Morais &#8211; De Alma Lavada<br \/>\nGrupo Nativo Serrano &#8211; La Frontera Tormento<br \/>\nAdriano Lima &#8211; Linha da Vida<br \/>\nGrupo Cora\u00e7\u00e3o Ga\u00facho &#8211; Cutucando as Prenda<br \/>\nLuiz Carlos Borges e Mauro Ferreira &#8211; Cavalo Crioulo<br \/>\nTch\u00ea Kakareko &#8211; Xixa\u00e7o de Galp\u00e3o<br \/>\nAnt\u00f4nio Marques &#8211; Xote Campeiro<br \/>\nGrupo Tarum\u00e3 &#8211; Flor de Surungo<br \/>\nCanto Ga\u00facho &#8211; Nega Maluca<br \/>\nGrupo Oiga Tch\u00ea &#8211; Morena Dan\u00e7adeira<br \/>\nSinuelo da Serra &#8211; Milonga Para o Meu Amor<br \/>\nPorca V\u00e9ia &#8211; Gaiteiro por Demais<br \/>\nOs Monarcas &#8211; Meu Cusco<br \/>\nTch\u00ea Barbaridade &#8211; Maria Dan\u00e7adeira, na vers\u00e3o ao vivo<br \/>\nPortal do Sul &#8211; Sou Ga\u00facho<br \/>\nOs Mateadores &#8211; Esta Cordeona<br \/>\nRui Biriva &#8211; P\u00e9 na Estrada<br \/>\nOs Serranos &#8211; Eu Sou do Sul<br \/>\nGrupo Festan\u00e7a &#8211; Surungo de Ch\u00e3o Batido<br \/>\nGilberto Monteiro &#8211; Os Z\u00f3io da V\u00e9ia<br \/>\nTch\u00ea Kebradera &#8211; Macaca V\u00e9ia<br \/>\nOswaldir &#038; Carlos Magr\u00e3o &#8211; A Gringa<br \/>\nGrupo Renascen\u00e7a &#8211; Jeito Campeiro<\/p>\n<p><a title=\"Sarandeio\" href=\"https:\/\/aprendizdomundo.com\/radio\/faixas\/sarandeio\/\">Sarandeio<\/a> \u00e9 uma faixa musical dedicada \u00e0 m\u00fasica ga\u00facha, especialmente a vertente fandangueira. A atra\u00e7\u00e3o re\u00fane can\u00e7\u00f5es de int\u00e9rpretes e grupos do Rio Grande do Sul e, tamb\u00e9m, artistas de outros estados que igualmente produzem m\u00fasica fandangueira.<\/p>\n<p>O <strong>Sarandeio<\/strong>, vai ao ar pela <strong>Universidade AM<\/strong>, todos os dias, na faixa das 05h00 \u00e0s 07h00. A produ\u00e7\u00e3o, sele\u00e7\u00e3o de repert\u00f3rio e edi\u00e7\u00e3o \u00e9 de <a title=\"Links de Milton Oliveira\" target=\"_blank\" rel=\"noopener\" href=\"https:\/\/apptuts.bio\/miltonoliveira\">Milton Oliveira<\/a>.<\/p>\n<p>O programa pode ser ouvido pelos <strong>800 AM<\/strong>, pelo <a title=\"R\u00e1dio Universidade AM\" href=\"https:\/\/www.ufsm.br\/radio\" target=\"_blank\" rel=\"noopener\">site da emissora<\/a> ou pelo perfil da r\u00e1dio na plataforma <a title=\"Farol UFSM\" href=\"http:\/\/farol.ufsm.br\/transmissao\/radio-am\/\" target=\"_blank\" rel=\"noopener\">Farol<\/a>.<\/p>\n","protected":false},"excerpt":{"rendered":"<p>Acompanhe o Sarandeio na pr\u00f3xima madrugada, a partir das 05h00, pela R\u00e1dio Universidade AM. A sele\u00e7\u00e3o musical vai destacar&#8230; Grupo Quero-Quero &#8211; Chora Saudade no Peito Grupo Minuano &#8211; Caminhos do Jaguari Edilberto B\u00e9rgamo &#8211; Entreveiro Abramo Machado e Felipe Ara\u00fajo &#8211; No Rastro da Gadaria Elton Saldanha &#8211; Ronda de Tropa Os Mirins &#8211; [&#8230;] <\/p>\n<p class=\"more-link-container\"><a href=\"https:\/\/aprendizdomundo.com\/portal\/2023\/01\/21\/sarandeio2099\/\" class=\"more-link\">Read More<span class=\"screen-reader-text\"> &#8220;Sarandeio na programa\u00e7\u00e3o dos 800 AM neste domingo, 22\/01&#8221;<\/span><\/a><\/p>\n","protected":false},"author":1,"featured_media":0,"comment_status":"closed","ping_status":"closed","sticky":false,"template":"","format":"standard","meta":{"_eb_attr":"","footnotes":""},"categories":[22],"tags":[51],"class_list":["post-34230","post","type-post","status-publish","format-standard","hentry","category-sarandeio","tag-sarandeio"],"nelio_content":{"autoShareEndMode":"never","automationSources":{"useCustomSentences":false,"customSentences":[]},"efiAlt":"","efiUrl":"","followers":[],"highlights":[],"isAutoShareEnabled":true,"networkImageIds":[],"permalinkQueryArgs":[],"series":[],"suggestedReferences":[]},"_links":{"self":[{"href":"https:\/\/aprendizdomundo.com\/portal\/wp-json\/wp\/v2\/posts\/34230","targetHints":{"allow":["GET"]}}],"collection":[{"href":"https:\/\/aprendizdomundo.com\/portal\/wp-json\/wp\/v2\/posts"}],"about":[{"href":"https:\/\/aprendizdomundo.com\/portal\/wp-json\/wp\/v2\/types\/post"}],"author":[{"embeddable":true,"href":"https:\/\/aprendizdomundo.com\/portal\/wp-json\/wp\/v2\/users\/1"}],"replies":[{"embeddable":true,"href":"https:\/\/aprendizdomundo.com\/portal\/wp-json\/wp\/v2\/comments?post=34230"}],"version-history":[{"count":0,"href":"https:\/\/aprendizdomundo.com\/portal\/wp-json\/wp\/v2\/posts\/34230\/revisions"}],"wp:attachment":[{"href":"https:\/\/aprendizdomundo.com\/portal\/wp-json\/wp\/v2\/media?parent=34230"}],"wp:term":[{"taxonomy":"category","embeddable":true,"href":"https:\/\/aprendizdomundo.com\/portal\/wp-json\/wp\/v2\/categories?post=34230"},{"taxonomy":"post_tag","embeddable":true,"href":"https:\/\/aprendizdomundo.com\/portal\/wp-json\/wp\/v2\/tags?post=34230"}],"curies":[{"name":"wp","href":"https:\/\/api.w.org\/{rel}","templated":true}]}}