{"id":34238,"date":"2023-01-25T19:00:41","date_gmt":"2023-01-25T22:00:41","guid":{"rendered":"https:\/\/aprendizdomundo.com\/?p=34238"},"modified":"2023-01-25T19:00:41","modified_gmt":"2023-01-25T22:00:41","slug":"sarandeio2103","status":"publish","type":"post","link":"https:\/\/aprendizdomundo.com\/portal\/2023\/01\/25\/sarandeio2103\/","title":{"rendered":"Sarandeio na programa\u00e7\u00e3o dos 800 AM nesta quinta, 26\/01"},"content":{"rendered":"<p><img decoding=\"async\" class=\"alignleft\" title=\"Sarandeio\" src=\"https:\/\/aprendizdomundo.com\/wp-content\/uploads\/blog\/sarandeio_d26.png\" alt=\"Sarandeio\" width=\"200\" height=\"200\" \/>Acompanhe o <strong>Sarandeio<\/strong> na pr\u00f3xima madrugada, a partir das <strong>05h00<\/strong>, pela <a title=\"R\u00e1dio Universidade AM\" href=\"https:\/\/www.ufsm.br\/radio\" target=\"_blank\" rel=\"noopener\">R\u00e1dio Universidade AM<\/a>.<\/p>\n<p>A sele\u00e7\u00e3o musical vai destacar&#8230;<\/p>\n<p>Grupo Fronteirismo &#8211; Por Ter Nascido Campeiro<br \/>\nOs Serranos &#8211; Coplas de um Viramundo<br \/>\nGrupo Ra\u00edzes &#8211; Bail\u00e3o do Mato Grande<br \/>\nRenato Borghetti &#8211; Redomona ao Vivo<br \/>\nTch\u00ea Chaleira &#8211; Cavacos do Of\u00edcio<br \/>\nGrupo \u00e0 Moda Antiga &#8211; Bugio de Fronteira<br \/>\nOs Mirins &#8211; Fim de Baile<br \/>\nMiguel Marques e os Quatro Ventos &#8211; Trilhas<br \/>\nGrupo Reponte &#8211; Bandeira de Taura<br \/>\nBeto Caetano &#8211; Dan\u00e7ando Contigo<br \/>\nGrupo Quero-Quero &#8211; Paisana de Uruguaiana<br \/>\nJ\u00falio Saldanha &#8211; Iscas de Luz<br \/>\nOs Payadores &#8211; Gaita na Bailanta<br \/>\nCampesinos do Sul &#8211; Num Fund\u00e3o de Grota<br \/>\nGrupo Caver\u00e1 &#8211; Homens de Preto<br \/>\nPedro Orta\u00e7a &#8211; Esperan\u00e7a Povoeira<br \/>\nGrupo Tempo Guri &#8211; Parceiro Bugio<br \/>\nOs Marques &#8211; Milonga da Madrugada<br \/>\nBiasi e Grupo Ginete &#8211; Vaneira Baguala<br \/>\nSadi Pereira &#8211; No Fim da Madrugada<br \/>\nGrupo Origens &#8211; L\u00e1 na Vila<br \/>\nRui Biriva &#8211; Castelhana, na vers\u00e3o ao vivo<br \/>\nJuliana Spanevello &#8211; Alma de Campo<br \/>\nPirisca Grecco &#8211; Feito o Carreto<br \/>\nOswaldir &#038; Carlos Magr\u00e3o &#8211; Tert\u00falia<br \/>\nOs Monarcas &#8211; Nas Armadas do La\u00e7o<br \/>\nMauro Moraes &#8211; Baldas de Campo<br \/>\nGrupo Timbre Ga\u00facho &#8211; Sina de um Domador<br \/>\nChiquito e Bordoneio &#8211; Fandango<br \/>\nTio Nanato &#8211; Atentado<br \/>\nGrupo Queromana &#8211; Me Comparando a um Cavalo<br \/>\nPorca V\u00e9ia &#8211; Alma de Gaiteiro<\/p>\n<p><a title=\"Sarandeio\" href=\"https:\/\/aprendizdomundo.com\/radio\/faixas\/sarandeio\/\">Sarandeio<\/a> \u00e9 uma faixa musical dedicada \u00e0 m\u00fasica ga\u00facha, especialmente a vertente fandangueira. A atra\u00e7\u00e3o re\u00fane can\u00e7\u00f5es de int\u00e9rpretes e grupos do Rio Grande do Sul e, tamb\u00e9m, artistas de outros estados que igualmente produzem m\u00fasica fandangueira.<\/p>\n<p>O <strong>Sarandeio<\/strong>, vai ao ar pela <strong>Universidade AM<\/strong>, todos os dias, na faixa das 05h00 \u00e0s 07h00. A produ\u00e7\u00e3o, sele\u00e7\u00e3o de repert\u00f3rio e edi\u00e7\u00e3o \u00e9 de <a title=\"Links de Milton Oliveira\" target=\"_blank\" rel=\"noopener\" href=\"https:\/\/apptuts.bio\/miltonoliveira\">Milton Oliveira<\/a>.<\/p>\n<p>O programa pode ser ouvido pelos <strong>800 AM<\/strong>, pelo <a title=\"R\u00e1dio Universidade AM\" href=\"https:\/\/www.ufsm.br\/radio\" target=\"_blank\" rel=\"noopener\">site da emissora<\/a> ou pelo perfil da r\u00e1dio na plataforma <a title=\"Farol UFSM\" href=\"http:\/\/farol.ufsm.br\/transmissao\/radio-am\/\" target=\"_blank\" rel=\"noopener\">Farol<\/a>.<\/p>\n","protected":false},"excerpt":{"rendered":"<p>Acompanhe o Sarandeio na pr\u00f3xima madrugada, a partir das 05h00, pela R\u00e1dio Universidade AM. A sele\u00e7\u00e3o musical vai destacar&#8230; Grupo Fronteirismo &#8211; Por Ter Nascido Campeiro Os Serranos &#8211; Coplas de um Viramundo Grupo Ra\u00edzes &#8211; Bail\u00e3o do Mato Grande Renato Borghetti &#8211; Redomona ao Vivo Tch\u00ea Chaleira &#8211; Cavacos do Of\u00edcio Grupo \u00e0 Moda [&#8230;] <\/p>\n<p class=\"more-link-container\"><a href=\"https:\/\/aprendizdomundo.com\/portal\/2023\/01\/25\/sarandeio2103\/\" class=\"more-link\">Read More<span class=\"screen-reader-text\"> &#8220;Sarandeio na programa\u00e7\u00e3o dos 800 AM nesta quinta, 26\/01&#8221;<\/span><\/a><\/p>\n","protected":false},"author":1,"featured_media":0,"comment_status":"closed","ping_status":"closed","sticky":false,"template":"","format":"standard","meta":{"_eb_attr":"","footnotes":""},"categories":[22],"tags":[51],"class_list":["post-34238","post","type-post","status-publish","format-standard","hentry","category-sarandeio","tag-sarandeio"],"nelio_content":{"autoShareEndMode":"never","automationSources":{"useCustomSentences":false,"customSentences":[]},"efiAlt":"","efiUrl":"","followers":[],"highlights":[],"isAutoShareEnabled":true,"networkImageIds":[],"permalinkQueryArgs":[],"series":[],"suggestedReferences":[]},"_links":{"self":[{"href":"https:\/\/aprendizdomundo.com\/portal\/wp-json\/wp\/v2\/posts\/34238","targetHints":{"allow":["GET"]}}],"collection":[{"href":"https:\/\/aprendizdomundo.com\/portal\/wp-json\/wp\/v2\/posts"}],"about":[{"href":"https:\/\/aprendizdomundo.com\/portal\/wp-json\/wp\/v2\/types\/post"}],"author":[{"embeddable":true,"href":"https:\/\/aprendizdomundo.com\/portal\/wp-json\/wp\/v2\/users\/1"}],"replies":[{"embeddable":true,"href":"https:\/\/aprendizdomundo.com\/portal\/wp-json\/wp\/v2\/comments?post=34238"}],"version-history":[{"count":0,"href":"https:\/\/aprendizdomundo.com\/portal\/wp-json\/wp\/v2\/posts\/34238\/revisions"}],"wp:attachment":[{"href":"https:\/\/aprendizdomundo.com\/portal\/wp-json\/wp\/v2\/media?parent=34238"}],"wp:term":[{"taxonomy":"category","embeddable":true,"href":"https:\/\/aprendizdomundo.com\/portal\/wp-json\/wp\/v2\/categories?post=34238"},{"taxonomy":"post_tag","embeddable":true,"href":"https:\/\/aprendizdomundo.com\/portal\/wp-json\/wp\/v2\/tags?post=34238"}],"curies":[{"name":"wp","href":"https:\/\/api.w.org\/{rel}","templated":true}]}}