{"id":39672,"date":"2024-07-23T04:00:22","date_gmt":"2024-07-23T07:00:22","guid":{"rendered":"https:\/\/aprendizdomundo.com\/portal\/?p=39672"},"modified":"2024-07-03T17:01:50","modified_gmt":"2024-07-03T20:01:50","slug":"atracaonacionalnabloco267","status":"publish","type":"post","link":"https:\/\/aprendizdomundo.com\/portal\/2024\/07\/23\/atracaonacionalnabloco267\/","title":{"rendered":"Jota.p\u00ea na Bloco nesta ter\u00e7a, 23\/07"},"content":{"rendered":"<p>Acompanhe o <strong>Atra\u00e7\u00e3o Nacional<\/strong> nesta ter\u00e7a, a partir das <strong>17h00<\/strong>, pela <strong><a title=\"R\u00e1dio Bloco\" href=\"http:\/\/www.radiobloco.net\/\" target=\"_blank\" rel=\"noopener\">R\u00e1dio Bloco<\/a><\/strong>. Uma produ\u00e7\u00e3o original da <strong><a title=\"R\u00e1dio Universidade AM\" href=\"https:\/\/www.ufsm.br\/radio\" target=\"_blank\" rel=\"noopener\">R\u00e1dio Universidade AM<\/a><\/strong>.<\/p>\n<p><img fetchpriority=\"high\" decoding=\"async\" title=\"Jota.p\u00ea\" class=\"alignleft\" src=\"https:\/\/aprendizdomundo.com\/imagens\/an_jotape.jpg\" alt=\"Jota.p\u00ea\" width=\"320\" height=\"320\" \/>A audi\u00e7\u00e3o desta semana destaca mais um programa da S\u00e9rie Musicalidade, tocando a obra gravada de <strong>Jota.p\u00ea<\/strong>. O compositor, cantor e violonista Jo\u00e3o Paulo Gomes da Silva, conhecido pelo nome art\u00edstico Jota.p\u00ea, nasceu a 14 de fevereiro de 1993, em Osasco, munic\u00edpio da Regi\u00e3o Metropolitana de S\u00e3o Paulo. A estreia em disco aconteceu no ano de 2015, com o \u00e1lbum Cr\u00f4nicas de um Sonhador. Paralelamente, mant\u00e9m desde 2020 o duo \u00c0vu\u00e0, ao lado de Bruna Black.<\/p>\n<p>A <strong>playlist<\/strong> para esta tarde \u00e9 a seguinte:<\/p>\n<p>Caminhos<br \/>\nUns Cafun\u00e9 a Domicilio (vers\u00e3o ac\u00fastica)<br \/>\nO Que Ser\u00e1 N\u00f3s Dois<br \/>\nA Ordem Natural das Coisas<br \/>\nDo Seu Lado, com Bruna Black<br \/>\nOuro Marrom<br \/>\nNaise, part. X\u00eania Fran\u00e7a<br \/>\nFeito a Mar\u00e9<br \/>\nUm Dois Tr\u00eas<br \/>\nZero, part. Lucas Mayer &#038; Bananeira Brass Band<br \/>\nBanzo<br \/>\nT\u00e1 A\u00ea<br \/>\nConte Comigo, part. Bruna Black<br \/>\nQuem \u00e9 Ju\u00e3o<br \/>\nErrata Perfeita, part. Anna Tr\u00e9a<\/p>\n<p>O <strong>Atra\u00e7\u00e3o Nacional<\/strong> vai ao ar pela <strong>R\u00e1dio Bloco<\/strong>, toda ter\u00e7a, na faixa das 17h00 \u00e0s 18h00. A dire\u00e7\u00e3o, pesquisa, produ\u00e7\u00e3o, sele\u00e7\u00e3o de repert\u00f3rio, reda\u00e7\u00e3o de texto, apresenta\u00e7\u00e3o e edi\u00e7\u00e3o \u00e9 de <strong><a title=\"Milton Oliveira\" target=\"_blank\" rel=\"noopener\" href=\"https:\/\/aprendizdomundo.com\/miltonoliveira\">Milton Oliveira<\/a><\/strong>.<\/p>\n<p>O programa pode ser ouvido pela home page da emissora, em <strong><a title=\"R\u00e1dio Bloco\" href=\"http:\/\/www.radiobloco.net\/\" target=\"_blank\" rel=\"noopener\">www.radiobloco.net<\/a><\/strong>, ou pelo smartphone, acessando seu aplicativo favorito.<\/p>\n<p>O <strong>Atra\u00e7\u00e3o Nacional<\/strong> tamb\u00e9m \u00e9 veiculado pela <strong><a title=\"R\u00e1dio Universidade AM\" href=\"https:\/\/www.ufsm.br\/radio\" target=\"_blank\" rel=\"noopener\">Universidade 800 AM<\/a><\/strong>, de segunda a sexta, na faixa das 20h00 \u00e0s 21h00; pela <strong><a title=\"R\u00e1dio Uni FM\" href=\"https:\/\/www.ufsm.br\/radio\" target=\"_blank\" rel=\"noopener\">Uni FM 107.9<\/a><\/strong>, de segunda a sexta, na faixa das 22h00 \u00e0s 23h00; e pela <strong><a title=\"Resonance R\u00e1dio\" href=\"http:\/\/www.resonanceradio.com.br\/\" target=\"_blank\" rel=\"noopener\">Resonance R\u00e1dio<\/a><\/strong>, todo domingo, na faixa das 18h00 \u00e0s 19h00. As audi\u00e7\u00f5es n\u00e3o s\u00e3o vinculadas, os destaques s\u00e3o sempre diferentes em cada emissora.<\/p>\n<p>Curta a fanpage do nosso programa em <strong><strong><a href=\"http:\/\/www.facebook.com\/atracaonacional\" target=\"_blank\" rel=\"noopener\" title=\"Atra\u00e7\u00e3o Nacional no Facebook\">facebook.com\/atracaonacional<\/a><\/strong><\/strong>.<\/p>\n","protected":false},"excerpt":{"rendered":"<p>Acompanhe o Atra\u00e7\u00e3o Nacional nesta ter\u00e7a, a partir das 17h00, pela R\u00e1dio Bloco. Uma produ\u00e7\u00e3o original da R\u00e1dio Universidade AM. A audi\u00e7\u00e3o desta semana destaca mais um programa da S\u00e9rie Musicalidade, tocando a obra gravada de Jota.p\u00ea. O compositor, cantor e violonista Jo\u00e3o Paulo Gomes da Silva, conhecido pelo nome art\u00edstico Jota.p\u00ea, nasceu a 14 [&#8230;] <\/p>\n<p class=\"more-link-container\"><a href=\"https:\/\/aprendizdomundo.com\/portal\/2024\/07\/23\/atracaonacionalnabloco267\/\" class=\"more-link\">Read More<span class=\"screen-reader-text\"> &#8220;Jota.p\u00ea na Bloco nesta ter\u00e7a, 23\/07&#8221;<\/span><\/a><\/p>\n","protected":false},"author":1,"featured_media":0,"comment_status":"closed","ping_status":"closed","sticky":false,"template":"","format":"standard","meta":{"_eb_attr":"","footnotes":""},"categories":[4],"tags":[49],"class_list":["post-39672","post","type-post","status-publish","format-standard","hentry","category-atracao","tag-musica-do-brasil"],"nelio_content":{"autoShareEndMode":"never","automationSources":{"useCustomSentences":false,"customSentences":[]},"efiAlt":"","efiUrl":"","followers":[],"highlights":[],"isAutoShareEnabled":true,"networkImageIds":[],"permalinkQueryArgs":[],"series":[],"suggestedReferences":[]},"_links":{"self":[{"href":"https:\/\/aprendizdomundo.com\/portal\/wp-json\/wp\/v2\/posts\/39672","targetHints":{"allow":["GET"]}}],"collection":[{"href":"https:\/\/aprendizdomundo.com\/portal\/wp-json\/wp\/v2\/posts"}],"about":[{"href":"https:\/\/aprendizdomundo.com\/portal\/wp-json\/wp\/v2\/types\/post"}],"author":[{"embeddable":true,"href":"https:\/\/aprendizdomundo.com\/portal\/wp-json\/wp\/v2\/users\/1"}],"replies":[{"embeddable":true,"href":"https:\/\/aprendizdomundo.com\/portal\/wp-json\/wp\/v2\/comments?post=39672"}],"version-history":[{"count":1,"href":"https:\/\/aprendizdomundo.com\/portal\/wp-json\/wp\/v2\/posts\/39672\/revisions"}],"predecessor-version":[{"id":39673,"href":"https:\/\/aprendizdomundo.com\/portal\/wp-json\/wp\/v2\/posts\/39672\/revisions\/39673"}],"wp:attachment":[{"href":"https:\/\/aprendizdomundo.com\/portal\/wp-json\/wp\/v2\/media?parent=39672"}],"wp:term":[{"taxonomy":"category","embeddable":true,"href":"https:\/\/aprendizdomundo.com\/portal\/wp-json\/wp\/v2\/categories?post=39672"},{"taxonomy":"post_tag","embeddable":true,"href":"https:\/\/aprendizdomundo.com\/portal\/wp-json\/wp\/v2\/tags?post=39672"}],"curies":[{"name":"wp","href":"https:\/\/api.w.org\/{rel}","templated":true}]}}