{"id":39754,"date":"2024-07-13T00:01:18","date_gmt":"2024-07-13T03:01:18","guid":{"rendered":"https:\/\/aprendizdomundo.com\/portal\/?p=39754"},"modified":"2024-07-03T17:25:48","modified_gmt":"2024-07-03T20:25:48","slug":"geracaobrasileira239","status":"publish","type":"post","link":"https:\/\/aprendizdomundo.com\/portal\/2024\/07\/13\/geracaobrasileira239\/","title":{"rendered":"Gera\u00e7\u00e3o Brasileira na Universidade AM neste s\u00e1bado, 13\/07"},"content":{"rendered":"<p><img fetchpriority=\"high\" decoding=\"async\" class=\"alignleft\" title=\"Gera\u00e7\u00e3o Brasileira\" src=\"https:\/\/aprendizdomundo.com\/imagens\/marca800_geracaobrasileira.png\" alt=\"Gera\u00e7\u00e3o Brasileira\" width=\"320\" height=\"320\" \/>Acompanhe o <strong>Gera\u00e7\u00e3o Brasileira<\/strong> neste s\u00e1bado, a partir das <strong>07h00<\/strong>, pela <strong>R\u00e1dio Universidade AM<\/strong>.<\/p>\n<p>A audi\u00e7\u00e3o desta semana re\u00fane o seguinte repert\u00f3rio:<\/p>\n<p>S\u00f4nia Burnier &#8211; Te Contei<br \/>\nArranco de Vars\u00f3via &#8211; Rosalina<br \/>\nCelly Campello &#8211; Est\u00fapido Cupido<br \/>\nHermes Aquino &#8211; Santa Maria<br \/>\nJo\u00e3o Gilberto &#8211; Chega de Saudade<br \/>\nOs Paralamas do Sucesso &#8211; Meu Erro<br \/>\nF\u00e1tima Guedes &#8211; Arco-\u00edris<br \/>\nRobson Jorge e Lincoln Olivetti &#8211; Eva<br \/>\nSylvia Telles &#8211; Eu Preciso de Voc\u00ea<br \/>\nZ\u00e9 Geraldo &#8211; Senhorita<br \/>\nAngela Ro Ro &#8211; Demais<br \/>\nRoberto Carlos &#8211; O Port\u00e3o<br \/>\nEvandro Mesquita &#8211; Sinto Saudade<br \/>\nJoanna &#8211; Recado (Meu Namorado)<br \/>\nMPB-4 &#8211; Partido Alto<br \/>\nElis Regina &#8211; Tributo a Mangueira<br \/>\nAb\u00edlio Manoel &#8211; Pena Verde<br \/>\nRicardo &#8211; Eu Gosto de Voc\u00ea<br \/>\nPainel de Controle &#8211; Black Coco<br \/>\nMar\u00e7al &#8211; Facho de Esperan\u00e7a<br \/>\nAltay Velloso &#8211; Entra e Sai de Amor<br \/>\nTavito &#8211; P\u00e9 de Vento<br \/>\nLeo Gandelman &#8211; A Ilha<br \/>\nDudu Franca &#8211; Grilo na Cuca<br \/>\nElisangela &#8211; Pertinho de Voc\u00ea<br \/>\nPaulo Diniz &#8211; Piri Piri<br \/>\nIra! &#8211; Envelhe\u00e7o na Cidade<br \/>\nKiko Zambianchi &#8211; Primeiros Erros (Chove)<br \/>\nAgri\u00e3o &#8211; Sururu<br \/>\nGuilherme Lamounier &#8211; Enrosca<br \/>\nZez\u00e9 Motta &#8211; Pecado Original<br \/>\nLulu Santos &#8211; Tudo Azul<br \/>\nSanta Cruz &#8211; Mais uma Chance<\/p>\n<p><strong><a title=\"Gera\u00e7\u00e3o Brasileira\" href=\"https:\/\/aprendizdomundo.com\/portal\/radio\/programas\/geracao\/\">Gera\u00e7\u00e3o Brasileira<\/a><\/strong> \u00e9 um programa voltado \u00e0 execu\u00e7\u00e3o de can\u00e7\u00f5es brasileiras contempor\u00e2neas, reunindo sucessos das d\u00e9cadas de 1960 a 1990.<\/p>\n<p>A atra\u00e7\u00e3o vai ao ar pela <strong>Universidade AM<\/strong>, todo s\u00e1bado, na faixa das 07h00 \u00e0s 09h00. A pesquisa, produ\u00e7\u00e3o, sele\u00e7\u00e3o de repert\u00f3rio e edi\u00e7\u00e3o \u00e9 de <strong><a title=\"Milton Oliveira\" target=\"_blank\" rel=\"noopener\" href=\"https:\/\/aprendizdomundo.com\/miltonoliveira\">Milton Oliveira<\/a><\/strong>.<\/p>\n<p>O programa pode ser ouvido pelos <strong>800 AM<\/strong>, pelo <strong><a title=\"R\u00e1dio Universidade AM\" href=\"https:\/\/www.ufsm.br\/radio\" target=\"_blank\" rel=\"noopener\">site da emissora<\/a><\/strong> ou pelo smartphone, acessando seu aplicativo favorito.<\/p>\n","protected":false},"excerpt":{"rendered":"<p>Acompanhe o Gera\u00e7\u00e3o Brasileira neste s\u00e1bado, a partir das 07h00, pela R\u00e1dio Universidade AM. A audi\u00e7\u00e3o desta semana re\u00fane o seguinte repert\u00f3rio: S\u00f4nia Burnier &#8211; Te Contei Arranco de Vars\u00f3via &#8211; Rosalina Celly Campello &#8211; Est\u00fapido Cupido Hermes Aquino &#8211; Santa Maria Jo\u00e3o Gilberto &#8211; Chega de Saudade Os Paralamas do Sucesso &#8211; Meu Erro [&#8230;] <\/p>\n<p class=\"more-link-container\"><a href=\"https:\/\/aprendizdomundo.com\/portal\/2024\/07\/13\/geracaobrasileira239\/\" class=\"more-link\">Read More<span class=\"screen-reader-text\"> &#8220;Gera\u00e7\u00e3o Brasileira na Universidade AM neste s\u00e1bado, 13\/07&#8221;<\/span><\/a><\/p>\n","protected":false},"author":1,"featured_media":0,"comment_status":"closed","ping_status":"closed","sticky":false,"template":"","format":"standard","meta":{"_eb_attr":"","footnotes":""},"categories":[14],"tags":[32],"class_list":["post-39754","post","type-post","status-publish","format-standard","hentry","category-geracaobrasileira","tag-cancoes-do-brasil"],"nelio_content":{"autoShareEndMode":"never","automationSources":{"useCustomSentences":false,"customSentences":[]},"efiAlt":"","efiUrl":"","followers":[],"highlights":[],"isAutoShareEnabled":true,"networkImageIds":[],"permalinkQueryArgs":[],"series":[],"suggestedReferences":[]},"_links":{"self":[{"href":"https:\/\/aprendizdomundo.com\/portal\/wp-json\/wp\/v2\/posts\/39754","targetHints":{"allow":["GET"]}}],"collection":[{"href":"https:\/\/aprendizdomundo.com\/portal\/wp-json\/wp\/v2\/posts"}],"about":[{"href":"https:\/\/aprendizdomundo.com\/portal\/wp-json\/wp\/v2\/types\/post"}],"author":[{"embeddable":true,"href":"https:\/\/aprendizdomundo.com\/portal\/wp-json\/wp\/v2\/users\/1"}],"replies":[{"embeddable":true,"href":"https:\/\/aprendizdomundo.com\/portal\/wp-json\/wp\/v2\/comments?post=39754"}],"version-history":[{"count":1,"href":"https:\/\/aprendizdomundo.com\/portal\/wp-json\/wp\/v2\/posts\/39754\/revisions"}],"predecessor-version":[{"id":39755,"href":"https:\/\/aprendizdomundo.com\/portal\/wp-json\/wp\/v2\/posts\/39754\/revisions\/39755"}],"wp:attachment":[{"href":"https:\/\/aprendizdomundo.com\/portal\/wp-json\/wp\/v2\/media?parent=39754"}],"wp:term":[{"taxonomy":"category","embeddable":true,"href":"https:\/\/aprendizdomundo.com\/portal\/wp-json\/wp\/v2\/categories?post=39754"},{"taxonomy":"post_tag","embeddable":true,"href":"https:\/\/aprendizdomundo.com\/portal\/wp-json\/wp\/v2\/tags?post=39754"}],"curies":[{"name":"wp","href":"https:\/\/api.w.org\/{rel}","templated":true}]}}