{"id":39954,"date":"2024-07-24T07:00:25","date_gmt":"2024-07-24T10:00:25","guid":{"rendered":"https:\/\/aprendizdomundo.com\/portal\/?p=39954"},"modified":"2024-07-04T17:35:02","modified_gmt":"2024-07-04T20:35:02","slug":"atracaonacionalnaunifm1475","status":"publish","type":"post","link":"https:\/\/aprendizdomundo.com\/portal\/2024\/07\/24\/atracaonacionalnaunifm1475\/","title":{"rendered":"Cris Malagueta e Felipe de Paula na Uni FM nesta quarta, 24\/07"},"content":{"rendered":"<p>Acompanhe o <strong>Atra\u00e7\u00e3o Nacional<\/strong> de hoje, a partir das <strong>22h00<\/strong>, pela <strong><a title=\"R\u00e1dio Uni FM\" href=\"https:\/\/www.ufsm.br\/radio\" target=\"_blank\" rel=\"noopener\">R\u00e1dio Uni FM<\/a><\/strong>.<\/p>\n<p><img fetchpriority=\"high\" decoding=\"async\" title=\"Cris Malagueta e Felipe de Paula\" class=\"alignleft\" src=\"https:\/\/aprendizdomundo.com\/imagens\/an_crismalagueta_felipedepaula.jpg\" alt=\"Cris Malagueta e Felipe de Paula\" width=\"320\" height=\"320\" \/>A audi\u00e7\u00e3o desta noite destaca mais um programa da S\u00e9rie Musicalidade, tocando a obra gravada de dois artistas cearenses, <strong>Cris Malagueta<\/strong> e <strong>Felipe de Paula<\/strong>. A compositora e cantora Ana Cristina Malagueta e Silva, a Cris Malagueta no mundo art\u00edstico, \u00e9 natural de Fortaleza. A sambista cearense iniciou seus estudos musicais no Conservat\u00f3rio Alberto Nepomuceno, fazendo aulas de canto popular e alguns instrumentos. Aprimorou seus conhecimentos cursando M\u00fasica na Universidade Estadual do Cear\u00e1.<\/p>\n<p>O compositor, cantor e ator Felipe de Paula \u00e9 natural de Fortaleza. Come\u00e7ou sua carreira art\u00edstica no ano de 2003, participando de rodas de samba e eventos na capital cearense. Estudou m\u00fasica de maneira formal na orquestra do col\u00e9gio Piamarta, onde aprendeu a ler partitura e pr\u00e1tica em conjunto. Atuando primeiro como compositor, foi gravado por bandas como Grupo Mesura e Groovytown, esta \u00faltima sendo finalista do Garagem do Faust\u00e3o com sua cria\u00e7\u00e3o Samba de Brasileiro. A estreia em disco aconteceu em 2014, com o \u00e1lbum Filho de Manicure.<\/p>\n<p>A <strong>playlist<\/strong> para hoje \u00e9 a seguinte:<\/p>\n<p>Cris Malagueta:<br \/>\nDia de Sambar<br \/>\nSamba de Lei<br \/>\n\u00c9 Proibido Parar de Sambar<br \/>\nSamba no Morro<br \/>\nCamale\u00e3o, part. Bloco Camale\u00f5es da Vila<br \/>\nMeu Samba \u00e9 Assim<br \/>\nVolta<\/p>\n<p>Felipe de Paula:<br \/>\nAlu\u00e1<br \/>\nEscorreguei<br \/>\nTipo Chet Baker, part. Mateus Farias<br \/>\nA Procura da Verdade<br \/>\nMalandro Coisa e Tal<br \/>\nFilho de Manicure<br \/>\nA Casa<br \/>\nN\u00e3o Negue Minha Buchada<\/p>\n<p>O <strong>Atra\u00e7\u00e3o Nacional<\/strong> vai ao ar pela <strong>Uni FM<\/strong>, de segunda a sexta, na faixa das 22h00 \u00e0s 23h00. A dire\u00e7\u00e3o, pesquisa, produ\u00e7\u00e3o, sele\u00e7\u00e3o de repert\u00f3rio, reda\u00e7\u00e3o de texto, apresenta\u00e7\u00e3o e edi\u00e7\u00e3o \u00e9 de <strong><a title=\"Milton Oliveira\" target=\"_blank\" rel=\"noopener\" href=\"https:\/\/aprendizdomundo.com\/miltonoliveira\">Milton Oliveira<\/a><\/strong>.<\/p>\n<p>O programa pode ser ouvido pelos <strong>107.9 FM<\/strong>; pela home page da emissora, em <strong><a title=\"R\u00e1dio Uni FM\" href=\"https:\/\/www.ufsm.br\/radio\" target=\"_blank\" rel=\"noopener\">ufsm.br\/radio<\/a><\/strong>; ou pelo smartphone, acessando seu aplicativo favorito.<\/p>\n<p>O <strong>Atra\u00e7\u00e3o Nacional<\/strong> tamb\u00e9m \u00e9 veiculado pela <strong><a title=\"R\u00e1dio Universidade AM\" href=\"https:\/\/www.ufsm.br\/radio\" target=\"_blank\" rel=\"noopener\">Universidade 800 AM<\/a><\/strong>, de segunda a sexta, na faixa das 20h00 \u00e0s 21h00; pela <strong><a title=\"Resonance R\u00e1dio\" href=\"http:\/\/www.resonanceradio.com.br\/\" target=\"_blank\" rel=\"noopener\">Resonance R\u00e1dio<\/a><\/strong>, todo domingo, na faixa das 18h00 \u00e0s 19h00; e pela <strong><a title=\"R\u00e1dio Bloco\" href=\"http:\/\/www.radiobloco.net\/\" target=\"_blank\" rel=\"noopener\">R\u00e1dio Bloco<\/a><\/strong>, toda ter\u00e7a, na faixa das 17h00 \u00e0s 18h00. As audi\u00e7\u00f5es n\u00e3o s\u00e3o vinculadas, os destaques s\u00e3o sempre diferentes em cada emissora.<\/p>\n<p>Curta a fanpage do nosso programa em <strong><strong><a href=\"http:\/\/www.facebook.com\/atracaonacional\" target=\"_blank\" rel=\"noopener\" title=\"Atra\u00e7\u00e3o Nacional no Facebook\">facebook.com\/atracaonacional<\/a><\/strong><\/strong>.<\/p>\n","protected":false},"excerpt":{"rendered":"<p>Acompanhe o Atra\u00e7\u00e3o Nacional de hoje, a partir das 22h00, pela R\u00e1dio Uni FM. A audi\u00e7\u00e3o desta noite destaca mais um programa da S\u00e9rie Musicalidade, tocando a obra gravada de dois artistas cearenses, Cris Malagueta e Felipe de Paula. A compositora e cantora Ana Cristina Malagueta e Silva, a Cris Malagueta no mundo art\u00edstico, \u00e9 [&#8230;] <\/p>\n<p class=\"more-link-container\"><a href=\"https:\/\/aprendizdomundo.com\/portal\/2024\/07\/24\/atracaonacionalnaunifm1475\/\" class=\"more-link\">Read More<span class=\"screen-reader-text\"> &#8220;Cris Malagueta e Felipe de Paula na Uni FM nesta quarta, 24\/07&#8221;<\/span><\/a><\/p>\n","protected":false},"author":1,"featured_media":0,"comment_status":"closed","ping_status":"closed","sticky":false,"template":"","format":"standard","meta":{"_eb_attr":"","footnotes":""},"categories":[4],"tags":[49],"class_list":["post-39954","post","type-post","status-publish","format-standard","hentry","category-atracao","tag-musica-do-brasil"],"nelio_content":{"autoShareEndMode":"never","automationSources":{"useCustomSentences":false,"customSentences":[]},"efiAlt":"","efiUrl":"","followers":[],"highlights":[],"isAutoShareEnabled":true,"networkImageIds":[],"permalinkQueryArgs":[],"series":[],"suggestedReferences":[]},"_links":{"self":[{"href":"https:\/\/aprendizdomundo.com\/portal\/wp-json\/wp\/v2\/posts\/39954","targetHints":{"allow":["GET"]}}],"collection":[{"href":"https:\/\/aprendizdomundo.com\/portal\/wp-json\/wp\/v2\/posts"}],"about":[{"href":"https:\/\/aprendizdomundo.com\/portal\/wp-json\/wp\/v2\/types\/post"}],"author":[{"embeddable":true,"href":"https:\/\/aprendizdomundo.com\/portal\/wp-json\/wp\/v2\/users\/1"}],"replies":[{"embeddable":true,"href":"https:\/\/aprendizdomundo.com\/portal\/wp-json\/wp\/v2\/comments?post=39954"}],"version-history":[{"count":1,"href":"https:\/\/aprendizdomundo.com\/portal\/wp-json\/wp\/v2\/posts\/39954\/revisions"}],"predecessor-version":[{"id":39955,"href":"https:\/\/aprendizdomundo.com\/portal\/wp-json\/wp\/v2\/posts\/39954\/revisions\/39955"}],"wp:attachment":[{"href":"https:\/\/aprendizdomundo.com\/portal\/wp-json\/wp\/v2\/media?parent=39954"}],"wp:term":[{"taxonomy":"category","embeddable":true,"href":"https:\/\/aprendizdomundo.com\/portal\/wp-json\/wp\/v2\/categories?post=39954"},{"taxonomy":"post_tag","embeddable":true,"href":"https:\/\/aprendizdomundo.com\/portal\/wp-json\/wp\/v2\/tags?post=39954"}],"curies":[{"name":"wp","href":"https:\/\/api.w.org\/{rel}","templated":true}]}}