{"id":40335,"date":"2024-08-05T06:00:22","date_gmt":"2024-08-05T09:00:22","guid":{"rendered":"https:\/\/aprendizdomundo.com\/portal\/?p=40335"},"modified":"2024-08-01T17:47:48","modified_gmt":"2024-08-01T20:47:48","slug":"atracaonacional1588","status":"publish","type":"post","link":"https:\/\/aprendizdomundo.com\/portal\/2024\/08\/05\/atracaonacional1588\/","title":{"rendered":"Banda Alma Livre na Universidade AM nesta segunda, 05\/08"},"content":{"rendered":"<p>Acompanhe o <strong>Atra\u00e7\u00e3o Nacional<\/strong> de hoje, a partir das <strong>20h00<\/strong>, pela <strong><a title=\"R\u00e1dio Universidade AM\" href=\"https:\/\/www.ufsm.br\/radio\" target=\"_blank\" rel=\"noopener\">R\u00e1dio Universidade AM<\/a><\/strong>.<\/p>\n<p><img fetchpriority=\"high\" decoding=\"async\" title=\"Banda Alma Livre\" class=\"alignleft\" src=\"https:\/\/aprendizdomundo.com\/imagens\/an_bandaalmalivre.jpg\" alt=\"Banda Alma Livre\" width=\"320\" height=\"320\" \/>A audi\u00e7\u00e3o desta noite destaca mais um programa da S\u00e9rie Musicalidade, tocando a obra gravada da banda <strong>Alma Livre<\/strong>. O grupo foi formado no ano de 2006, na Zona Norte de S\u00e3o Paulo. Re\u00fane os m\u00fasicos Jos\u00e9 Alves, Agnaldo Alves, Chico Silva, Sabi\u00e1 Nascimento, Kleberson Luiz e Paulo Vigilatto. A estreia em disco aconteceu ainda em 2006, com o lan\u00e7amento do \u00e1lbum Alma Livre. A banda tem no curr\u00edculo mais de 2,7 milh\u00f5es de plays s\u00f3 no Spotify.<\/p>\n<p>A <strong>playlist<\/strong> para hoje \u00e9 a seguinte:<\/p>\n<p>A Verdade<br \/>\nRedemption Song<br \/>\nO Pre\u00e7o da Paz, part. \u00c1varo Silva<br \/>\nCoragem<br \/>\n\u00c9 Tarde<br \/>\nO Caminho \u00e9 o Amor<br \/>\nPiedade, part. Almir Sater<br \/>\n\u00c1rvore<br \/>\nDeixe Brilhar<br \/>\nAbsurdo, part. Celso Moretti (vers\u00e3o ao vivo)<br \/>\nSetenta Vezes Sete<br \/>\nTodos Culpados<br \/>\nTalvez<br \/>\nS\u00f3 o Amor \u00e9 Quem Faz, part. Rede Social do Centro<\/p>\n<p>O <strong>Atra\u00e7\u00e3o Nacional<\/strong> vai ao ar pela <strong>Universidade AM<\/strong>, de segunda a sexta, na faixa das 20h00 \u00e0s 21h00. A dire\u00e7\u00e3o, pesquisa, produ\u00e7\u00e3o, sele\u00e7\u00e3o de repert\u00f3rio, reda\u00e7\u00e3o de texto, apresenta\u00e7\u00e3o e edi\u00e7\u00e3o \u00e9 de <strong><a title=\"Milton Oliveira\" target=\"_blank\" rel=\"noopener\" href=\"https:\/\/aprendizdomundo.com\/miltonoliveira\">Milton Oliveira<\/a><\/strong>.<\/p>\n<p>O programa pode ser ouvido pelos <strong>800 AM<\/strong>; pela home page da emissora, em <strong><a title=\"R\u00e1dio Universidade AM\" href=\"https:\/\/www.ufsm.br\/radio\" target=\"_blank\" rel=\"noopener\">ufsm.br\/radio<\/a><\/strong>; ou pelo smartphone, acessando seu aplicativo favorito.<\/p>\n<p>O <strong>Atra\u00e7\u00e3o Nacional<\/strong> tamb\u00e9m \u00e9 veiculado pela <strong><a title=\"R\u00e1dio Uni FM\" href=\"https:\/\/www.ufsm.br\/radio\" target=\"_blank\" rel=\"noopener\">Uni FM 107.9<\/a><\/strong>, de segunda a sexta, na faixa das 22h00 \u00e0s 23h00; pela <strong><a title=\"Resonance R\u00e1dio\" href=\"http:\/\/www.resonanceradio.com.br\/\" target=\"_blank\" rel=\"noopener\">Resonance R\u00e1dio<\/a><\/strong>, todo domingo, na faixa das 18h00 \u00e0s 19h00; e pela <strong><a title=\"R\u00e1dio Bloco\" href=\"http:\/\/www.radiobloco.net\/\" target=\"_blank\" rel=\"noopener\">R\u00e1dio Bloco<\/a><\/strong>, toda ter\u00e7a, na faixa das 17h00 \u00e0s 18h00. As audi\u00e7\u00f5es n\u00e3o s\u00e3o vinculadas, os destaques s\u00e3o sempre diferentes em cada emissora.<\/p>\n<p>Curta a fanpage do nosso programa em <strong><strong><a href=\"http:\/\/www.facebook.com\/atracaonacional\" target=\"_blank\" rel=\"noopener\" title=\"Atra\u00e7\u00e3o Nacional no Facebook\">facebook.com\/atracaonacional<\/a><\/strong><\/strong>.<\/p>\n","protected":false},"excerpt":{"rendered":"<p>Acompanhe o Atra\u00e7\u00e3o Nacional de hoje, a partir das 20h00, pela R\u00e1dio Universidade AM. A audi\u00e7\u00e3o desta noite destaca mais um programa da S\u00e9rie Musicalidade, tocando a obra gravada da banda Alma Livre. O grupo foi formado no ano de 2006, na Zona Norte de S\u00e3o Paulo. Re\u00fane os m\u00fasicos Jos\u00e9 Alves, Agnaldo Alves, Chico [&#8230;] <\/p>\n<p class=\"more-link-container\"><a href=\"https:\/\/aprendizdomundo.com\/portal\/2024\/08\/05\/atracaonacional1588\/\" class=\"more-link\">Read More<span class=\"screen-reader-text\"> &#8220;Banda Alma Livre na Universidade AM nesta segunda, 05\/08&#8221;<\/span><\/a><\/p>\n","protected":false},"author":1,"featured_media":0,"comment_status":"closed","ping_status":"closed","sticky":false,"template":"","format":"standard","meta":{"_eb_attr":"","footnotes":""},"categories":[4],"tags":[49],"class_list":["post-40335","post","type-post","status-publish","format-standard","hentry","category-atracao","tag-musica-do-brasil"],"nelio_content":{"autoShareEndMode":"never","automationSources":{"useCustomSentences":false,"customSentences":[]},"efiAlt":"","efiUrl":"","followers":[1],"highlights":[],"isAutoShareEnabled":true,"networkImageIds":[],"permalinkQueryArgs":[],"series":[],"suggestedReferences":[]},"_links":{"self":[{"href":"https:\/\/aprendizdomundo.com\/portal\/wp-json\/wp\/v2\/posts\/40335","targetHints":{"allow":["GET"]}}],"collection":[{"href":"https:\/\/aprendizdomundo.com\/portal\/wp-json\/wp\/v2\/posts"}],"about":[{"href":"https:\/\/aprendizdomundo.com\/portal\/wp-json\/wp\/v2\/types\/post"}],"author":[{"embeddable":true,"href":"https:\/\/aprendizdomundo.com\/portal\/wp-json\/wp\/v2\/users\/1"}],"replies":[{"embeddable":true,"href":"https:\/\/aprendizdomundo.com\/portal\/wp-json\/wp\/v2\/comments?post=40335"}],"version-history":[{"count":1,"href":"https:\/\/aprendizdomundo.com\/portal\/wp-json\/wp\/v2\/posts\/40335\/revisions"}],"predecessor-version":[{"id":40336,"href":"https:\/\/aprendizdomundo.com\/portal\/wp-json\/wp\/v2\/posts\/40335\/revisions\/40336"}],"wp:attachment":[{"href":"https:\/\/aprendizdomundo.com\/portal\/wp-json\/wp\/v2\/media?parent=40335"}],"wp:term":[{"taxonomy":"category","embeddable":true,"href":"https:\/\/aprendizdomundo.com\/portal\/wp-json\/wp\/v2\/categories?post=40335"},{"taxonomy":"post_tag","embeddable":true,"href":"https:\/\/aprendizdomundo.com\/portal\/wp-json\/wp\/v2\/tags?post=40335"}],"curies":[{"name":"wp","href":"https:\/\/api.w.org\/{rel}","templated":true}]}}