{"id":40345,"date":"2024-08-05T07:00:03","date_gmt":"2024-08-05T10:00:03","guid":{"rendered":"https:\/\/aprendizdomundo.com\/portal\/?p=40345"},"modified":"2024-08-01T17:50:36","modified_gmt":"2024-08-01T20:50:36","slug":"atracaonacionalnaunifm1483","status":"publish","type":"post","link":"https:\/\/aprendizdomundo.com\/portal\/2024\/08\/05\/atracaonacionalnaunifm1483\/","title":{"rendered":"Bruno Capinan na Uni FM nesta segunda, 05\/08"},"content":{"rendered":"<p>Acompanhe o <strong>Atra\u00e7\u00e3o Nacional<\/strong> de hoje, a partir das <strong>22h00<\/strong>, pela <strong><a title=\"R\u00e1dio Uni FM\" href=\"https:\/\/www.ufsm.br\/radio\" target=\"_blank\" rel=\"noopener\">R\u00e1dio Uni FM<\/a><\/strong>.<\/p>\n<p><img fetchpriority=\"high\" decoding=\"async\" title=\"Bruno Capinan\" class=\"alignleft\" src=\"https:\/\/aprendizdomundo.com\/imagens\/an_brunocapinan.jpg\" alt=\"Bruno Capinan\" width=\"320\" height=\"320\" \/>A audi\u00e7\u00e3o desta noite destaca mais um programa da S\u00e9rie Musicalidade, tocando a obra gravada de <strong>Bruno Capinan<\/strong>. Natural de Salvador, ele est\u00e1 radicado em Toronto, no Canad\u00e1, desde 2013. Iniciou sua carreira art\u00edstica em 2004, mas s\u00f3 lan\u00e7ou o primeiro trabalho em 2010, o \u00e1lbum intitulado Gozo. Seu quarto disco, sob o t\u00edtulo de Real, lan\u00e7ado em 2019, foi eleito um dos 25 melhores \u00e1lbuns brasileiros do segundo semestre daquele ano pela Associa\u00e7\u00e3o Paulista de Cr\u00edticos de Arte.<\/p>\n<p>A <strong>playlist<\/strong> para hoje \u00e9 a seguinte:<\/p>\n<p>Me Leva<br \/>\nBahia Brasil<br \/>\nT\u00e3o Perto<br \/>\nO Tempo Que Tudo Devora<br \/>\nMeu Preto<br \/>\nMomento<br \/>\nClareza<br \/>\nQuando te Encontrei<br \/>\nQualquer Lugar<br \/>\nOitenta<br \/>\nAlgoritmo<br \/>\nMais Amor<br \/>\nOde ao Povo Brasileiro<br \/>\nUltimo Carnaval<br \/>\nComigo N\u00e3o<br \/>\nV\u00e1<br \/>\nTara Rara<\/p>\n<p>O <strong>Atra\u00e7\u00e3o Nacional<\/strong> vai ao ar pela <strong>Uni FM<\/strong>, de segunda a sexta, na faixa das 22h00 \u00e0s 23h00. A dire\u00e7\u00e3o, pesquisa, produ\u00e7\u00e3o, sele\u00e7\u00e3o de repert\u00f3rio, reda\u00e7\u00e3o de texto, apresenta\u00e7\u00e3o e edi\u00e7\u00e3o \u00e9 de <strong><a title=\"Milton Oliveira\" target=\"_blank\" rel=\"noopener\" href=\"https:\/\/aprendizdomundo.com\/miltonoliveira\">Milton Oliveira<\/a><\/strong>.<\/p>\n<p>O programa pode ser ouvido pelos <strong>107.9 FM<\/strong>; pela home page da emissora, em <strong><a title=\"R\u00e1dio Uni FM\" href=\"https:\/\/www.ufsm.br\/radio\" target=\"_blank\" rel=\"noopener\">ufsm.br\/radio<\/a><\/strong>; ou pelo smartphone, acessando seu aplicativo favorito.<\/p>\n<p>O <strong>Atra\u00e7\u00e3o Nacional<\/strong> tamb\u00e9m \u00e9 veiculado pela <strong><a title=\"R\u00e1dio Universidade AM\" href=\"https:\/\/www.ufsm.br\/radio\" target=\"_blank\" rel=\"noopener\">Universidade 800 AM<\/a><\/strong>, de segunda a sexta, na faixa das 20h00 \u00e0s 21h00; pela <strong><a title=\"Resonance R\u00e1dio\" href=\"http:\/\/www.resonanceradio.com.br\/\" target=\"_blank\" rel=\"noopener\">Resonance R\u00e1dio<\/a><\/strong>, todo domingo, na faixa das 18h00 \u00e0s 19h00; e pela <strong><a title=\"R\u00e1dio Bloco\" href=\"http:\/\/www.radiobloco.net\/\" target=\"_blank\" rel=\"noopener\">R\u00e1dio Bloco<\/a><\/strong>, toda ter\u00e7a, na faixa das 17h00 \u00e0s 18h00. As audi\u00e7\u00f5es n\u00e3o s\u00e3o vinculadas, os destaques s\u00e3o sempre diferentes em cada emissora.<\/p>\n<p>Curta a fanpage do nosso programa em <strong><strong><a href=\"http:\/\/www.facebook.com\/atracaonacional\" target=\"_blank\" rel=\"noopener\" title=\"Atra\u00e7\u00e3o Nacional no Facebook\">facebook.com\/atracaonacional<\/a><\/strong><\/strong>.<\/p>\n","protected":false},"excerpt":{"rendered":"<p>Acompanhe o Atra\u00e7\u00e3o Nacional de hoje, a partir das 22h00, pela R\u00e1dio Uni FM. A audi\u00e7\u00e3o desta noite destaca mais um programa da S\u00e9rie Musicalidade, tocando a obra gravada de Bruno Capinan. Natural de Salvador, ele est\u00e1 radicado em Toronto, no Canad\u00e1, desde 2013. Iniciou sua carreira art\u00edstica em 2004, mas s\u00f3 lan\u00e7ou o primeiro [&#8230;] <\/p>\n<p class=\"more-link-container\"><a href=\"https:\/\/aprendizdomundo.com\/portal\/2024\/08\/05\/atracaonacionalnaunifm1483\/\" class=\"more-link\">Read More<span class=\"screen-reader-text\"> &#8220;Bruno Capinan na Uni FM nesta segunda, 05\/08&#8221;<\/span><\/a><\/p>\n","protected":false},"author":1,"featured_media":0,"comment_status":"closed","ping_status":"closed","sticky":false,"template":"","format":"standard","meta":{"_eb_attr":"","footnotes":""},"categories":[4],"tags":[49],"class_list":["post-40345","post","type-post","status-publish","format-standard","hentry","category-atracao","tag-musica-do-brasil"],"nelio_content":{"autoShareEndMode":"never","automationSources":{"useCustomSentences":false,"customSentences":[]},"efiAlt":"","efiUrl":"","followers":[1],"highlights":[],"isAutoShareEnabled":true,"networkImageIds":[],"permalinkQueryArgs":[],"series":[],"suggestedReferences":[]},"_links":{"self":[{"href":"https:\/\/aprendizdomundo.com\/portal\/wp-json\/wp\/v2\/posts\/40345","targetHints":{"allow":["GET"]}}],"collection":[{"href":"https:\/\/aprendizdomundo.com\/portal\/wp-json\/wp\/v2\/posts"}],"about":[{"href":"https:\/\/aprendizdomundo.com\/portal\/wp-json\/wp\/v2\/types\/post"}],"author":[{"embeddable":true,"href":"https:\/\/aprendizdomundo.com\/portal\/wp-json\/wp\/v2\/users\/1"}],"replies":[{"embeddable":true,"href":"https:\/\/aprendizdomundo.com\/portal\/wp-json\/wp\/v2\/comments?post=40345"}],"version-history":[{"count":1,"href":"https:\/\/aprendizdomundo.com\/portal\/wp-json\/wp\/v2\/posts\/40345\/revisions"}],"predecessor-version":[{"id":40346,"href":"https:\/\/aprendizdomundo.com\/portal\/wp-json\/wp\/v2\/posts\/40345\/revisions\/40346"}],"wp:attachment":[{"href":"https:\/\/aprendizdomundo.com\/portal\/wp-json\/wp\/v2\/media?parent=40345"}],"wp:term":[{"taxonomy":"category","embeddable":true,"href":"https:\/\/aprendizdomundo.com\/portal\/wp-json\/wp\/v2\/categories?post=40345"},{"taxonomy":"post_tag","embeddable":true,"href":"https:\/\/aprendizdomundo.com\/portal\/wp-json\/wp\/v2\/tags?post=40345"}],"curies":[{"name":"wp","href":"https:\/\/api.w.org\/{rel}","templated":true}]}}