{"id":40429,"date":"2024-08-31T00:01:52","date_gmt":"2024-08-31T03:01:52","guid":{"rendered":"https:\/\/aprendizdomundo.com\/portal\/?p=40429"},"modified":"2024-10-05T19:55:42","modified_gmt":"2024-10-05T22:55:42","slug":"geracaobrasileira246","status":"publish","type":"post","link":"https:\/\/aprendizdomundo.com\/portal\/2024\/08\/31\/geracaobrasileira246\/","title":{"rendered":"Gera\u00e7\u00e3o Brasileira na Universidade AM neste s\u00e1bado, 31\/08"},"content":{"rendered":"<p><img fetchpriority=\"high\" decoding=\"async\" class=\"alignleft\" title=\"Gera\u00e7\u00e3o Brasileira\" src=\"https:\/\/aprendizdomundo.com\/imagens\/marca800_geracaobrasileira.png\" alt=\"Gera\u00e7\u00e3o Brasileira\" width=\"320\" height=\"320\" \/>Acompanhe o <strong>Gera\u00e7\u00e3o Brasileira<\/strong> neste s\u00e1bado, a partir das <strong>07h00<\/strong>, pela <strong>R\u00e1dio Universidade AM<\/strong>.<\/p>\n<p>A audi\u00e7\u00e3o desta semana re\u00fane o seguinte repert\u00f3rio:<\/p>\n<p>Paulo Marques &#8211; Cara Limpa<br \/>\nIra! &#8211; N\u00facleo Base<br \/>\nCassiano &#8211; Cole\u00e7\u00e3o<br \/>\nJoanna e Roupa Nova &#8211; Um Sonho a Dois<br \/>\nUltraje a Rigor &#8211; Marylou<br \/>\nDominguinhos e Chico Buarque &#8211; Isso Aqui t\u00e1 Bom Demais<br \/>\nSom Imagin\u00e1rio &#8211; Feira Moderna<br \/>\nGilberto Gil &#8211; Aquele Abra\u00e7o<br \/>\nMaysa &#8211; O Barquinho<br \/>\nCaetano Veloso &#8211; Qualquer Coisa<br \/>\nAzymuth &#8211; Melo da Cu\u00edca<br \/>\nLuiz Ayr\u00e3o &#8211; Os Amantes<br \/>\nAnt\u00f4nio Carlos e Jocafi &#8211; Mudei de Ideia<br \/>\nDanilo Caymmi &#8211; Oi\u00e1<br \/>\nAgep\u00ea &#8211; Deixa Eu Te Amar<br \/>\nBenito di Paula &#8211; Fui Sambando, Fui Chegando<br \/>\nRoberto Carlos &#8211; \u00e9 Proibido Fumar<br \/>\nSandy e Junior com Toquinho &#8211; Era Uma Vez<br \/>\nLeoni &#8211; Garotos II, o Outro Lado<br \/>\nEdnardo &#8211; Pav\u00e3o Mysteriozo<br \/>\nCazuza &#8211; Codinome Beija-flor<br \/>\nBeto Guedes &#8211; Paisagem na Janela<br \/>\nVanusa &#8211; Manhas de Setembro<br \/>\nJorge Arag\u00e3o &#8211; Feito de Paix\u00e3o<br \/>\nMilton Banana Trio &#8211; Garota de Ipanema<br \/>\nJane Duboc &#8211; Prazer Sem Fim<br \/>\nExpresso &#8211; Me Faz a Cabe\u00e7a<br \/>\nGilliard &#8211; Segredos<br \/>\nTit\u00e3s &#8211; N\u00e3o Vou me Adaptar<br \/>\nFranco &#8211; O Rock do Rato<br \/>\nA Turma do Bal\u00e3o Magico e Baby do Brasil &#8211; Juntos<br \/>\nJair Rodrigues \u2013 Disparada<\/p>\n<p><strong><a title=\"Gera\u00e7\u00e3o Brasileira\" href=\"https:\/\/aprendizdomundo.com\/portal\/radio\/programas\/geracao\/\">Gera\u00e7\u00e3o Brasileira<\/a><\/strong> \u00e9 um programa voltado \u00e0 execu\u00e7\u00e3o de can\u00e7\u00f5es brasileiras contempor\u00e2neas, reunindo sucessos das d\u00e9cadas de 1960 a 1990.<\/p>\n<p>A atra\u00e7\u00e3o vai ao ar pela <strong>Universidade AM<\/strong>, todo s\u00e1bado, na faixa das 07h00 \u00e0s 09h00. A pesquisa, produ\u00e7\u00e3o, sele\u00e7\u00e3o de repert\u00f3rio e edi\u00e7\u00e3o \u00e9 de <strong><a title=\"Milton Oliveira\" target=\"_blank\" rel=\"noopener\" href=\"https:\/\/aprendizdomundo.com\/miltonoliveira\">Milton Oliveira<\/a><\/strong>.<\/p>\n<p>O programa pode ser ouvido pelos <strong>800 AM<\/strong>, pelo <strong><a title=\"R\u00e1dio Universidade AM\" href=\"https:\/\/www.ufsm.br\/radio\" target=\"_blank\" rel=\"noopener\">site da emissora<\/a><\/strong> ou pelo smartphone, acessando seu aplicativo favorito.<\/p>\n","protected":false},"excerpt":{"rendered":"<p>Acompanhe o Gera\u00e7\u00e3o Brasileira neste s\u00e1bado, a partir das 07h00, pela R\u00e1dio Universidade AM. A audi\u00e7\u00e3o desta semana re\u00fane o seguinte repert\u00f3rio: Paulo Marques &#8211; Cara Limpa Ira! &#8211; N\u00facleo Base Cassiano &#8211; Cole\u00e7\u00e3o Joanna e Roupa Nova &#8211; Um Sonho a Dois Ultraje a Rigor &#8211; Marylou Dominguinhos e Chico Buarque &#8211; Isso Aqui [&#8230;] <\/p>\n<p class=\"more-link-container\"><a href=\"https:\/\/aprendizdomundo.com\/portal\/2024\/08\/31\/geracaobrasileira246\/\" class=\"more-link\">Read More<span class=\"screen-reader-text\"> &#8220;Gera\u00e7\u00e3o Brasileira na Universidade AM neste s\u00e1bado, 31\/08&#8221;<\/span><\/a><\/p>\n","protected":false},"author":1,"featured_media":0,"comment_status":"closed","ping_status":"closed","sticky":false,"template":"","format":"standard","meta":{"_eb_attr":"","footnotes":""},"categories":[14],"tags":[32],"class_list":["post-40429","post","type-post","status-publish","format-standard","hentry","category-geracaobrasileira","tag-cancoes-do-brasil"],"nelio_content":{"autoShareEndMode":"never","automationSources":{"useCustomSentences":false,"customSentences":[]},"efiAlt":"","efiUrl":"","followers":[1],"highlights":[],"isAutoShareEnabled":true,"networkImageIds":[],"permalinkQueryArgs":[],"series":[],"suggestedReferences":[]},"_links":{"self":[{"href":"https:\/\/aprendizdomundo.com\/portal\/wp-json\/wp\/v2\/posts\/40429","targetHints":{"allow":["GET"]}}],"collection":[{"href":"https:\/\/aprendizdomundo.com\/portal\/wp-json\/wp\/v2\/posts"}],"about":[{"href":"https:\/\/aprendizdomundo.com\/portal\/wp-json\/wp\/v2\/types\/post"}],"author":[{"embeddable":true,"href":"https:\/\/aprendizdomundo.com\/portal\/wp-json\/wp\/v2\/users\/1"}],"replies":[{"embeddable":true,"href":"https:\/\/aprendizdomundo.com\/portal\/wp-json\/wp\/v2\/comments?post=40429"}],"version-history":[{"count":1,"href":"https:\/\/aprendizdomundo.com\/portal\/wp-json\/wp\/v2\/posts\/40429\/revisions"}],"predecessor-version":[{"id":40430,"href":"https:\/\/aprendizdomundo.com\/portal\/wp-json\/wp\/v2\/posts\/40429\/revisions\/40430"}],"wp:attachment":[{"href":"https:\/\/aprendizdomundo.com\/portal\/wp-json\/wp\/v2\/media?parent=40429"}],"wp:term":[{"taxonomy":"category","embeddable":true,"href":"https:\/\/aprendizdomundo.com\/portal\/wp-json\/wp\/v2\/categories?post=40429"},{"taxonomy":"post_tag","embeddable":true,"href":"https:\/\/aprendizdomundo.com\/portal\/wp-json\/wp\/v2\/tags?post=40429"}],"curies":[{"name":"wp","href":"https:\/\/api.w.org\/{rel}","templated":true}]}}