{"id":40659,"date":"2024-08-29T06:00:14","date_gmt":"2024-08-29T09:00:14","guid":{"rendered":"https:\/\/aprendizdomundo.com\/portal\/?p=40659"},"modified":"2024-08-04T18:44:42","modified_gmt":"2024-08-04T21:44:42","slug":"atracaonacional1606","status":"publish","type":"post","link":"https:\/\/aprendizdomundo.com\/portal\/2024\/08\/29\/atracaonacional1606\/","title":{"rendered":"Joyce Alane na Universidade AM nesta quinta, 29\/08"},"content":{"rendered":"<p>Acompanhe o <strong>Atra\u00e7\u00e3o Nacional<\/strong> de hoje, a partir das <strong>20h00<\/strong>, pela <strong><a title=\"R\u00e1dio Universidade AM\" href=\"https:\/\/www.ufsm.br\/radio\" target=\"_blank\" rel=\"noopener\">R\u00e1dio Universidade AM<\/a><\/strong>.<\/p>\n<p><img fetchpriority=\"high\" decoding=\"async\" title=\"Joyce Alane\" class=\"alignleft\" src=\"https:\/\/aprendizdomundo.com\/imagens\/an_joycealane.jpg\" alt=\"Joyce Alane\" width=\"320\" height=\"320\" \/>A audi\u00e7\u00e3o desta noite destaca mais um programa da S\u00e9rie Musicalidade, tocando a obra gravada de <strong>Joyce Alane<\/strong>. A compositora e cantora Joyce Alane \u00e9 natural da capital pernambucana, mas cresceu em Moreno, outra cidade da Regi\u00e3o Metropolitana de Recife. \u00c9 mais uma artista que surgiu na internet e gra\u00e7as \u00e0 amplitude da rede angariou in\u00fameros seguidores e f\u00e3s. Foi indicada ao Pr\u00eamio Multishow em 2023. A estreia em disco aconteceu em 2023, com o \u00e1lbum Joyce Alane ao Vivo na Macaco Gordo.<\/p>\n<p>A <strong>playlist<\/strong> para hoje \u00e9 a seguinte:<\/p>\n<p>Boa Vista (vers\u00e3o ao vivo)<br \/>\nBeija-flor<br \/>\nFeito Voc\u00ea, part. Luiz Lins<br \/>\nPausa<br \/>\nIdiota Raiz (Deixa Ir) , part. Marina Diniz e Leandro Matsuda<br \/>\nRepara<br \/>\nFeito Voc\u00ea (vers\u00e3o ao vivo)<br \/>\nFoi um Prazer<br \/>\nEu N\u00e3o T\u00f4 Bem<br \/>\nAntes de me Querer, com Flavio Ferrari<br \/>\nContram\u00e3o<br \/>\nPouco (vers\u00e3o ao vivo)<br \/>\nAqui N\u00e3o<br \/>\nLe\u00e3o<br \/>\nO Elefante da Sala<br \/>\nQuerida Vida (vers\u00e3o ao vivo)<\/p>\n<p>O <strong>Atra\u00e7\u00e3o Nacional<\/strong> vai ao ar pela <strong>Universidade AM<\/strong>, de segunda a sexta, na faixa das 20h00 \u00e0s 21h00. A dire\u00e7\u00e3o, pesquisa, produ\u00e7\u00e3o, sele\u00e7\u00e3o de repert\u00f3rio, reda\u00e7\u00e3o de texto, apresenta\u00e7\u00e3o e edi\u00e7\u00e3o \u00e9 de <strong><a title=\"Milton Oliveira\" target=\"_blank\" rel=\"noopener\" href=\"https:\/\/aprendizdomundo.com\/miltonoliveira\">Milton Oliveira<\/a><\/strong>.<\/p>\n<p>O programa pode ser ouvido pelos <strong>800 AM<\/strong>; pela home page da emissora, em <strong><a title=\"R\u00e1dio Universidade AM\" href=\"https:\/\/www.ufsm.br\/radio\" target=\"_blank\" rel=\"noopener\">ufsm.br\/radio<\/a><\/strong>; ou pelo smartphone, acessando seu aplicativo favorito.<\/p>\n<p>O <strong>Atra\u00e7\u00e3o Nacional<\/strong> tamb\u00e9m \u00e9 veiculado pela <strong><a title=\"R\u00e1dio Uni FM\" href=\"https:\/\/www.ufsm.br\/radio\" target=\"_blank\" rel=\"noopener\">Uni FM 107.9<\/a><\/strong>, de segunda a sexta, na faixa das 22h00 \u00e0s 23h00; pela <strong><a title=\"Resonance R\u00e1dio\" href=\"http:\/\/www.resonanceradio.com.br\/\" target=\"_blank\" rel=\"noopener\">Resonance R\u00e1dio<\/a><\/strong>, todo domingo, na faixa das 18h00 \u00e0s 19h00; e pela <strong><a title=\"R\u00e1dio Bloco\" href=\"http:\/\/www.radiobloco.net\/\" target=\"_blank\" rel=\"noopener\">R\u00e1dio Bloco<\/a><\/strong>, toda ter\u00e7a, na faixa das 17h00 \u00e0s 18h00. As audi\u00e7\u00f5es n\u00e3o s\u00e3o vinculadas, os destaques s\u00e3o sempre diferentes em cada emissora.<\/p>\n<p>Curta a fanpage do nosso programa em <strong><strong><a href=\"http:\/\/www.facebook.com\/atracaonacional\" target=\"_blank\" rel=\"noopener\" title=\"Atra\u00e7\u00e3o Nacional no Facebook\">facebook.com\/atracaonacional<\/a><\/strong><\/strong>.<\/p>\n","protected":false},"excerpt":{"rendered":"<p>Acompanhe o Atra\u00e7\u00e3o Nacional de hoje, a partir das 20h00, pela R\u00e1dio Universidade AM. A audi\u00e7\u00e3o desta noite destaca mais um programa da S\u00e9rie Musicalidade, tocando a obra gravada de Joyce Alane. A compositora e cantora Joyce Alane \u00e9 natural da capital pernambucana, mas cresceu em Moreno, outra cidade da Regi\u00e3o Metropolitana de Recife. \u00c9 [&#8230;] <\/p>\n<p class=\"more-link-container\"><a href=\"https:\/\/aprendizdomundo.com\/portal\/2024\/08\/29\/atracaonacional1606\/\" class=\"more-link\">Read More<span class=\"screen-reader-text\"> &#8220;Joyce Alane na Universidade AM nesta quinta, 29\/08&#8221;<\/span><\/a><\/p>\n","protected":false},"author":1,"featured_media":0,"comment_status":"closed","ping_status":"closed","sticky":false,"template":"","format":"standard","meta":{"_eb_attr":"","footnotes":""},"categories":[4],"tags":[49],"class_list":["post-40659","post","type-post","status-publish","format-standard","hentry","category-atracao","tag-musica-do-brasil"],"nelio_content":{"autoShareEndMode":"never","automationSources":{"useCustomSentences":false,"customSentences":[]},"efiAlt":"","efiUrl":"","followers":[1],"highlights":[],"isAutoShareEnabled":true,"networkImageIds":[],"permalinkQueryArgs":[],"series":[],"suggestedReferences":[]},"_links":{"self":[{"href":"https:\/\/aprendizdomundo.com\/portal\/wp-json\/wp\/v2\/posts\/40659","targetHints":{"allow":["GET"]}}],"collection":[{"href":"https:\/\/aprendizdomundo.com\/portal\/wp-json\/wp\/v2\/posts"}],"about":[{"href":"https:\/\/aprendizdomundo.com\/portal\/wp-json\/wp\/v2\/types\/post"}],"author":[{"embeddable":true,"href":"https:\/\/aprendizdomundo.com\/portal\/wp-json\/wp\/v2\/users\/1"}],"replies":[{"embeddable":true,"href":"https:\/\/aprendizdomundo.com\/portal\/wp-json\/wp\/v2\/comments?post=40659"}],"version-history":[{"count":1,"href":"https:\/\/aprendizdomundo.com\/portal\/wp-json\/wp\/v2\/posts\/40659\/revisions"}],"predecessor-version":[{"id":40660,"href":"https:\/\/aprendizdomundo.com\/portal\/wp-json\/wp\/v2\/posts\/40659\/revisions\/40660"}],"wp:attachment":[{"href":"https:\/\/aprendizdomundo.com\/portal\/wp-json\/wp\/v2\/media?parent=40659"}],"wp:term":[{"taxonomy":"category","embeddable":true,"href":"https:\/\/aprendizdomundo.com\/portal\/wp-json\/wp\/v2\/categories?post=40659"},{"taxonomy":"post_tag","embeddable":true,"href":"https:\/\/aprendizdomundo.com\/portal\/wp-json\/wp\/v2\/tags?post=40659"}],"curies":[{"name":"wp","href":"https:\/\/api.w.org\/{rel}","templated":true}]}}