{"id":40772,"date":"2024-08-30T19:00:08","date_gmt":"2024-08-30T22:00:08","guid":{"rendered":"https:\/\/aprendizdomundo.com\/portal\/?p=40772"},"modified":"2024-08-05T19:22:37","modified_gmt":"2024-08-05T22:22:37","slug":"sarandeio2687","status":"publish","type":"post","link":"https:\/\/aprendizdomundo.com\/portal\/2024\/08\/30\/sarandeio2687\/","title":{"rendered":"Sarandeio no amanhecer da Universidade AM, 31\/08"},"content":{"rendered":"<p><img fetchpriority=\"high\" decoding=\"async\" class=\"alignleft\" title=\"Sarandeio\" src=\"https:\/\/aprendizdomundo.com\/imagens\/sarandeio_d31.png\" alt=\"Sarandeio\" width=\"320\" height=\"320\" \/>Acompanhe o <strong>Sarandeio<\/strong> na pr\u00f3xima madrugada, a partir das <strong>05h00<\/strong>, pela <strong><a title=\"R\u00e1dio Universidade AM\" href=\"https:\/\/www.ufsm.br\/radio\" target=\"_blank\" rel=\"noopener\">R\u00e1dio Universidade AM<\/a><\/strong>.<\/p>\n<p>A sele\u00e7\u00e3o musical vai destacar&#8230;<\/p>\n<p>Grupo Est\u00e2ncia &#8211; Vida Que Sempre Quis<br \/>\nCassiano Mendes &#8211; De Cabo e Soiteira<br \/>\nOs Quatro Ga\u00fachos &#8211; Agito Campeiro<br \/>\nAirton Berto &#8211; Vaneirinha Compassada<br \/>\nGrupo Talaga\u00e7o &#8211; Bagual e Meio<br \/>\nChiquito e Bordoneio &#8211; Ado\u00e7ando o Amargo<br \/>\nDenis Pires &#8211; Na Paz do Meu Rancho<br \/>\nEmbalo Nativo &#8211; Embalo Nativo<br \/>\nLuiz e Grupo Vaner\u00e3o &#8211; Marca de Primeira<br \/>\nNilton Ferreira &#8211; Sempre a Cavalo<br \/>\nGrupo Can\u00e7\u00e3o &#8211; Bailanta<br \/>\nC\u00e9sar Oliveira e Rog\u00e9rio Melo &#8211; Cancioneiro das Coxilhas<br \/>\nDante Ram\u00f3n Ledesma &#8211; Crassificando as Morenas<br \/>\nOs Quer\u00eancianos &#8211; Fandango de Marca<br \/>\nGrupo Alma Ga\u00facha &#8211; Ga\u00facho Xucro<br \/>\nDavid Menezes Jr &#8211; Bugio de Bombacha<br \/>\nLuciano Maia e Edson Dutra &#8211; Xote da Parceria<br \/>\nJardel Borba e Grupo Brasil de Bombacha &#8211; Chasque sem Luxo<br \/>\nGrupo Andan\u00e7as &#8211; Bugio da Pomba Gira<br \/>\nOs Pias de Passo Fundo &#8211; Dan\u00e7ador de Contrapasso<br \/>\nNenito Sarturi e Grupo Manancial &#8211; Pergunte pro meu Cavalo<br \/>\nZ\u00e9 Francisco &#8211; Vanera pra Dom Francisco Miguel<br \/>\nGrupo De Mont\u00e3o &#8211; Passaporte do Pampa<br \/>\nOs Mirins &#8211; N\u00e3o Creio<br \/>\nEsta\u00e7\u00e3o Fandangueira &#8211; Baileiro de Profiss\u00e3o<br \/>\nJo\u00e3o Luiz Corr\u00eaa &#8211; Pelos\/A Primeira Vez, em vers\u00e3o ao vivo<br \/>\nAnt\u00f4nio Augusto Fagundes &#8211; O Surdo e a Revolu\u00e7\u00e3o (causo)<br \/>\nGrupo Flor e Truco &#8211; M\u00e3o na Adaga<br \/>\nGrupo Musical Raiz Ga\u00facha &#8211; Cheiro de Galp\u00e3o<br \/>\nTch\u00ea Guri &#8211; Xixo<br \/>\nGrupo Eco do Pampa &#8211; Gaita de Galp\u00e3o<br \/>\nBeto Frizzo e M\u00e1rcio Correia &#8211; Um Tal de M\u00e1rio Cuiudo<br \/>\nGrupo Batecasco &#8211; Meu Jeit\u00e3o de Maragato<br \/>\nOs Bugios &#8211; Casamento do Bugio<br \/>\nGrupo Pealo Campeiro &#8211; Bandeira do Rio Grande<\/p>\n<p><strong><a title=\"Sarandeio\" href=\"https:\/\/aprendizdomundo.com\/portal\/radio\/programas\/sarandeio\/\">Sarandeio<\/a><\/strong> \u00e9 um programa dedicado \u00e0 m\u00fasica ga\u00facha, especialmente a vertente fandangueira. Re\u00fane can\u00e7\u00f5es de int\u00e9rpretes e grupos do Rio Grande do Sul e, tamb\u00e9m, artistas de outros estados que igualmente produzem m\u00fasica fandangueira.<\/p>\n<p>A atra\u00e7\u00e3o vai ao ar pela <strong>Universidade AM<\/strong>, todos os dias, na faixa das 05h00 \u00e0s 07h00. A pesquisa, produ\u00e7\u00e3o, sele\u00e7\u00e3o de repert\u00f3rio e edi\u00e7\u00e3o \u00e9 de <strong><a title=\"Milton Oliveira\" target=\"_blank\" rel=\"noopener\" href=\"https:\/\/aprendizdomundo.com\/miltonoliveira\">Milton Oliveira<\/a><\/strong>.<\/p>\n<p>O programa pode ser ouvido pelos <strong>800 AM<\/strong>, pelo <strong><a title=\"R\u00e1dio Universidade AM\" href=\"https:\/\/www.ufsm.br\/radio\" target=\"_blank\" rel=\"noopener\">site da emissora<\/a><\/strong> ou pelo smartphone, acessando seu aplicativo favorito.<\/p>\n","protected":false},"excerpt":{"rendered":"<p>Acompanhe o Sarandeio na pr\u00f3xima madrugada, a partir das 05h00, pela R\u00e1dio Universidade AM. A sele\u00e7\u00e3o musical vai destacar&#8230; Grupo Est\u00e2ncia &#8211; Vida Que Sempre Quis Cassiano Mendes &#8211; De Cabo e Soiteira Os Quatro Ga\u00fachos &#8211; Agito Campeiro Airton Berto &#8211; Vaneirinha Compassada Grupo Talaga\u00e7o &#8211; Bagual e Meio Chiquito e Bordoneio &#8211; Ado\u00e7ando [&#8230;] <\/p>\n<p class=\"more-link-container\"><a href=\"https:\/\/aprendizdomundo.com\/portal\/2024\/08\/30\/sarandeio2687\/\" class=\"more-link\">Read More<span class=\"screen-reader-text\"> &#8220;Sarandeio no amanhecer da Universidade AM, 31\/08&#8221;<\/span><\/a><\/p>\n","protected":false},"author":1,"featured_media":0,"comment_status":"closed","ping_status":"closed","sticky":false,"template":"","format":"standard","meta":{"_eb_attr":"","footnotes":""},"categories":[22],"tags":[51],"class_list":["post-40772","post","type-post","status-publish","format-standard","hentry","category-sarandeio","tag-sarandeio"],"nelio_content":{"autoShareEndMode":"never","automationSources":{"useCustomSentences":false,"customSentences":[]},"efiAlt":"","efiUrl":"","followers":[1],"highlights":[],"isAutoShareEnabled":true,"networkImageIds":[],"permalinkQueryArgs":[],"series":[],"suggestedReferences":[]},"_links":{"self":[{"href":"https:\/\/aprendizdomundo.com\/portal\/wp-json\/wp\/v2\/posts\/40772","targetHints":{"allow":["GET"]}}],"collection":[{"href":"https:\/\/aprendizdomundo.com\/portal\/wp-json\/wp\/v2\/posts"}],"about":[{"href":"https:\/\/aprendizdomundo.com\/portal\/wp-json\/wp\/v2\/types\/post"}],"author":[{"embeddable":true,"href":"https:\/\/aprendizdomundo.com\/portal\/wp-json\/wp\/v2\/users\/1"}],"replies":[{"embeddable":true,"href":"https:\/\/aprendizdomundo.com\/portal\/wp-json\/wp\/v2\/comments?post=40772"}],"version-history":[{"count":1,"href":"https:\/\/aprendizdomundo.com\/portal\/wp-json\/wp\/v2\/posts\/40772\/revisions"}],"predecessor-version":[{"id":40773,"href":"https:\/\/aprendizdomundo.com\/portal\/wp-json\/wp\/v2\/posts\/40772\/revisions\/40773"}],"wp:attachment":[{"href":"https:\/\/aprendizdomundo.com\/portal\/wp-json\/wp\/v2\/media?parent=40772"}],"wp:term":[{"taxonomy":"category","embeddable":true,"href":"https:\/\/aprendizdomundo.com\/portal\/wp-json\/wp\/v2\/categories?post=40772"},{"taxonomy":"post_tag","embeddable":true,"href":"https:\/\/aprendizdomundo.com\/portal\/wp-json\/wp\/v2\/tags?post=40772"}],"curies":[{"name":"wp","href":"https:\/\/api.w.org\/{rel}","templated":true}]}}