{"id":42472,"date":"2024-11-03T06:00:31","date_gmt":"2024-11-03T09:00:31","guid":{"rendered":"https:\/\/aprendizdomundo.com\/portal\/?p=42472"},"modified":"2024-10-06T15:10:08","modified_gmt":"2024-10-06T18:10:08","slug":"atracaonacionalnaresonance332","status":"publish","type":"post","link":"https:\/\/aprendizdomundo.com\/portal\/2024\/11\/03\/atracaonacionalnaresonance332\/","title":{"rendered":"Milton na Resonance neste domingo, 03\/11"},"content":{"rendered":"<p>Acompanhe a audi\u00e7\u00e3o 332 (na Resonance) do <strong>Atra\u00e7\u00e3o Nacional<\/strong> neste domingo, a partir das <strong>18h00<\/strong>, pela <strong><a title=\"Resonance R\u00e1dio\" href=\"http:\/\/www.resonanceradio.com.br\/\" target=\"_blank\" rel=\"noopener\">Resonance R\u00e1dio<\/a><\/strong>. Uma produ\u00e7\u00e3o original da <strong><a title=\"R\u00e1dio Universidade AM\" href=\"https:\/\/www.ufsm.br\/radio\" target=\"_blank\" rel=\"noopener\">R\u00e1dio Universidade AM<\/a><\/strong>.<\/p>\n<p><img fetchpriority=\"high\" decoding=\"async\" title=\"Milton Guesi\" class=\"alignleft\" src=\"https:\/\/aprendizdomundo.com\/imagens\/an_miltonguesi.jpg\" alt=\"Milton Guesi\" width=\"320\" height=\"320\" \/>A audi\u00e7\u00e3o desta semana destaca mais um programa da S\u00e9rie Musicalidade, tocando a obra gravada de <strong>Milton<\/strong>. O compositor e cantor Milton Guesi \u00e9 natural de Pira\u00ed, munic\u00edpio do Vale do Para\u00edba Fluminense, no sul do estado do Rio de Janeiro. O artista lan\u00e7ou seus primeiros dois discos, em 2015 e 2018, assinando como Milton e os Lagartos. Em 2022 lan\u00e7ou o \u00e1lbum Saciar a Sede.<\/p>\n<p>A <strong>playlist<\/strong> para hoje \u00e9 a seguinte:<\/p>\n<p>Seu Olhar no Meu<br \/>\nVolte Seu Olhar Para o C\u00e9u<br \/>\nSeguir em Frente<br \/>\nPela Linha do Tempo<br \/>\nUm Dia Verei<br \/>\n\u00d3dio na Rede<br \/>\nSaciar a Sede<br \/>\nUm Lugar Singular<br \/>\nMilton e os Lagartos &#8211; Algo a Ser Saciado<br \/>\nMilton e os Lagartos &#8211; Big Bang, o In\u00edcio de Tudo<br \/>\nMilton e os Lagartos &#8211; Vermelho Rubro<br \/>\nO Abra\u00e7o do Sol<br \/>\nA M\u00e3o Que o Tempo Oferece<br \/>\nEle \u00e9 Real<br \/>\nVoltando Para Casa<\/p>\n<p>O <strong>Atra\u00e7\u00e3o Nacional<\/strong> vai ao ar pela <strong>Resonance R\u00e1dio<\/strong>, todo domingo, na faixa das 18h00 \u00e0s 19h00. A dire\u00e7\u00e3o, pesquisa, produ\u00e7\u00e3o, sele\u00e7\u00e3o de repert\u00f3rio, reda\u00e7\u00e3o de texto, apresenta\u00e7\u00e3o e edi\u00e7\u00e3o \u00e9 de <strong><a title=\"Milton Oliveira\" target=\"_blank\" rel=\"noopener\" href=\"https:\/\/aprendizdomundo.com\/miltonoliveira\">Milton Oliveira<\/a><\/strong>.<\/p>\n<p>O programa pode ser ouvido pela home page da emissora, em <strong><a title=\"Resonance R\u00e1dio\" href=\"http:\/\/www.resonanceradio.com.br\/\" target=\"_blank\" rel=\"noopener\">www.resonanceradio.com.br<\/a><\/strong>, ou pelo smartphone, acessando seu aplicativo favorito.<\/p>\n<p>O <strong>Atra\u00e7\u00e3o Nacional<\/strong> tamb\u00e9m \u00e9 veiculado pela <strong><a title=\"R\u00e1dio Universidade AM\" href=\"https:\/\/www.ufsm.br\/radio\" target=\"_blank\" rel=\"noopener\">Universidade 800 AM<\/a><\/strong>, de segunda a sexta, na faixa das 20h00 \u00e0s 21h00; pela <strong><a title=\"R\u00e1dio Uni FM\" href=\"https:\/\/www.ufsm.br\/radio\" target=\"_blank\" rel=\"noopener\">Uni FM 107.9<\/a><\/strong>, de segunda a sexta, na faixa das 22h00 \u00e0s 23h00; e pela <strong><a title=\"R\u00e1dio Bloco\" href=\"http:\/\/www.radiobloco.net\/\" target=\"_blank\" rel=\"noopener\">R\u00e1dio Bloco<\/a><\/strong>, toda ter\u00e7a, na faixa das 17h00 \u00e0s 18h00. As audi\u00e7\u00f5es n\u00e3o s\u00e3o vinculadas, os destaques s\u00e3o sempre diferentes em cada emissora.<\/p>\n<p>Curta a fanpage do nosso programa em <strong><strong><a href=\"http:\/\/www.facebook.com\/atracaonacional\" target=\"_blank\" rel=\"noopener\" title=\"Atra\u00e7\u00e3o Nacional no Facebook\">facebook.com\/atracaonacional<\/a><\/strong><\/strong>.<\/p>\n","protected":false},"excerpt":{"rendered":"<p>Acompanhe a audi\u00e7\u00e3o 332 (na Resonance) do Atra\u00e7\u00e3o Nacional neste domingo, a partir das 18h00, pela Resonance R\u00e1dio. Uma produ\u00e7\u00e3o original da R\u00e1dio Universidade AM. A audi\u00e7\u00e3o desta semana destaca mais um programa da S\u00e9rie Musicalidade, tocando a obra gravada de Milton. O compositor e cantor Milton Guesi \u00e9 natural de Pira\u00ed, munic\u00edpio do Vale [&#8230;] <\/p>\n<p class=\"more-link-container\"><a href=\"https:\/\/aprendizdomundo.com\/portal\/2024\/11\/03\/atracaonacionalnaresonance332\/\" class=\"more-link\">Read More<span class=\"screen-reader-text\"> &#8220;Milton na Resonance neste domingo, 03\/11&#8221;<\/span><\/a><\/p>\n","protected":false},"author":1,"featured_media":42381,"comment_status":"closed","ping_status":"closed","sticky":false,"template":"","format":"standard","meta":{"_eb_attr":"","footnotes":""},"categories":[4],"tags":[49],"class_list":["post-42472","post","type-post","status-publish","format-standard","has-post-thumbnail","hentry","category-atracao","tag-musica-do-brasil"],"nelio_content":{"autoShareEndMode":"never","automationSources":{"useCustomSentences":false,"customSentences":[]},"efiAlt":"","efiUrl":"","followers":[1],"highlights":[],"isAutoShareEnabled":true,"networkImageIds":[],"permalinkQueryArgs":[],"series":[],"suggestedReferences":[]},"_links":{"self":[{"href":"https:\/\/aprendizdomundo.com\/portal\/wp-json\/wp\/v2\/posts\/42472","targetHints":{"allow":["GET"]}}],"collection":[{"href":"https:\/\/aprendizdomundo.com\/portal\/wp-json\/wp\/v2\/posts"}],"about":[{"href":"https:\/\/aprendizdomundo.com\/portal\/wp-json\/wp\/v2\/types\/post"}],"author":[{"embeddable":true,"href":"https:\/\/aprendizdomundo.com\/portal\/wp-json\/wp\/v2\/users\/1"}],"replies":[{"embeddable":true,"href":"https:\/\/aprendizdomundo.com\/portal\/wp-json\/wp\/v2\/comments?post=42472"}],"version-history":[{"count":1,"href":"https:\/\/aprendizdomundo.com\/portal\/wp-json\/wp\/v2\/posts\/42472\/revisions"}],"predecessor-version":[{"id":42473,"href":"https:\/\/aprendizdomundo.com\/portal\/wp-json\/wp\/v2\/posts\/42472\/revisions\/42473"}],"wp:featuredmedia":[{"embeddable":true,"href":"https:\/\/aprendizdomundo.com\/portal\/wp-json\/wp\/v2\/media\/42381"}],"wp:attachment":[{"href":"https:\/\/aprendizdomundo.com\/portal\/wp-json\/wp\/v2\/media?parent=42472"}],"wp:term":[{"taxonomy":"category","embeddable":true,"href":"https:\/\/aprendizdomundo.com\/portal\/wp-json\/wp\/v2\/categories?post=42472"},{"taxonomy":"post_tag","embeddable":true,"href":"https:\/\/aprendizdomundo.com\/portal\/wp-json\/wp\/v2\/tags?post=42472"}],"curies":[{"name":"wp","href":"https:\/\/api.w.org\/{rel}","templated":true}]}}