{"id":42694,"date":"2024-11-30T00:01:23","date_gmt":"2024-11-30T03:01:23","guid":{"rendered":"https:\/\/aprendizdomundo.com\/portal\/?p=42694"},"modified":"2024-10-07T12:49:59","modified_gmt":"2024-10-07T15:49:59","slug":"geracaobrasileira259","status":"publish","type":"post","link":"https:\/\/aprendizdomundo.com\/portal\/2024\/11\/30\/geracaobrasileira259\/","title":{"rendered":"Gera\u00e7\u00e3o Brasileira nos 800 AM neste s\u00e1bado, 30\/11"},"content":{"rendered":"<p><img fetchpriority=\"high\" decoding=\"async\" class=\"alignleft\" title=\"Gera\u00e7\u00e3o Brasileira\" src=\"https:\/\/aprendizdomundo.com\/imagens\/marca800_geracaobrasileira.png\" alt=\"Gera\u00e7\u00e3o Brasileira\" width=\"320\" height=\"320\" \/>Acompanhe o <strong>Gera\u00e7\u00e3o Brasileira<\/strong> neste s\u00e1bado, a partir das <strong>07h00<\/strong>, pela <strong>R\u00e1dio Universidade AM<\/strong>.<\/p>\n<p>A audi\u00e7\u00e3o desta semana re\u00fane o seguinte repert\u00f3rio:<\/p>\n<p>Jo\u00e3o Bosco &#8211; Bijuterias<br \/>\nNovos Baianos &#8211; O Samba da Minha Terra<br \/>\nZ\u00e9 Ramalho &#8211; Pepitas de Fogo<br \/>\nSandra de S\u00e1 &#8211; \u00c1frica<br \/>\nNoriel Vilela &#8211; Eu t\u00e1 Vendo no Copo<br \/>\nCapital Inicial &#8211; Palavras ao Vento<br \/>\nLulu Santos &#8211; Um Certo Algu\u00e9m<br \/>\nJoanna &#8211; Quem Viver, Ver\u00e1<br \/>\nEliana Pittman &#8211; Quem Vai Querer<br \/>\nCaetano Veloso &#8211; Voc\u00ea \u00e9 Linda<br \/>\nR\u00e1dio T\u00e1xi &#8211; Abelha Rainha<br \/>\nClaudya &#8211; Jesus Cristo<br \/>\nPaulinho da Viola &#8211; Nega Luzia<br \/>\nQuarteto em Cy &#8211; Vento Bravo<br \/>\nGilberto Gil &#8211; Sarara Miolo<br \/>\nA Turma do Bal\u00e3o M\u00e1gico e F\u00e1bio Jr. &#8211; Amigos do Peito<br \/>\nAlcione &#8211; O Surdo<br \/>\nTim Maia &#8211; \u00c9 Preciso Amar<br \/>\nC\u00e9sar Costa Filho &#8211; Dose Pra Leao<br \/>\nTom Jobim &#8211; Garota de Ipanema<br \/>\nLuiz Melodia &#8211; A Voz do Morro<br \/>\nBaby do Brasil &#8211; Um Aue Com Voc\u00ea<br \/>\nFagner &#8211; Cebola Cortada<br \/>\nZ\u00e9 Geraldo &#8211; Olhos Mansos<br \/>\nAnt\u00f4nio Carlos e Jocafi &#8211; Toro de L\u00e1grimas<br \/>\nBenito di Paula &#8211; Quero Ver Voc\u00ea de Perto<br \/>\nGuilherme Arantes &#8211; Brincar de Viver<br \/>\nNey Matogrosso &#8211; Destino de Aventureiro<br \/>\nSidney Magal &#8211; Sandra Rosa Madalena<br \/>\nO Ter\u00e7o &#8211; Asa Delta<br \/>\nRitchie &#8211; S\u00f3 Pra o Vento<br \/>\nFaf\u00e1 de Bel\u00e9m &#8211; Bilhete<\/p>\n<p><strong><a title=\"Gera\u00e7\u00e3o Brasileira\" href=\"https:\/\/aprendizdomundo.com\/portal\/radio\/programas\/geracao\/\">Gera\u00e7\u00e3o Brasileira<\/a><\/strong> \u00e9 um programa voltado \u00e0 execu\u00e7\u00e3o de can\u00e7\u00f5es brasileiras contempor\u00e2neas, reunindo sucessos das d\u00e9cadas de 1960 a 1990.<\/p>\n<p>A atra\u00e7\u00e3o vai ao ar pela <strong>Universidade AM<\/strong>, todo s\u00e1bado, na faixa das 07h00 \u00e0s 09h00. A pesquisa, produ\u00e7\u00e3o, sele\u00e7\u00e3o de repert\u00f3rio e edi\u00e7\u00e3o \u00e9 de <strong><a title=\"Milton Oliveira\" target=\"_blank\" rel=\"noopener\" href=\"https:\/\/aprendizdomundo.com\/miltonoliveira\">Milton Oliveira<\/a><\/strong>.<\/p>\n<p>O programa pode ser ouvido pelos <strong>800 AM<\/strong>, pelo <strong><a title=\"R\u00e1dio Universidade AM\" href=\"https:\/\/www.ufsm.br\/radio\" target=\"_blank\" rel=\"noopener\">site da emissora<\/a><\/strong> ou pelo smartphone, acessando seu aplicativo favorito.<\/p>\n","protected":false},"excerpt":{"rendered":"<p>Acompanhe o Gera\u00e7\u00e3o Brasileira neste s\u00e1bado, a partir das 07h00, pela R\u00e1dio Universidade AM. A audi\u00e7\u00e3o desta semana re\u00fane o seguinte repert\u00f3rio: Jo\u00e3o Bosco &#8211; Bijuterias Novos Baianos &#8211; O Samba da Minha Terra Z\u00e9 Ramalho &#8211; Pepitas de Fogo Sandra de S\u00e1 &#8211; \u00c1frica Noriel Vilela &#8211; Eu t\u00e1 Vendo no Copo Capital Inicial [&#8230;] <\/p>\n<p class=\"more-link-container\"><a href=\"https:\/\/aprendizdomundo.com\/portal\/2024\/11\/30\/geracaobrasileira259\/\" class=\"more-link\">Read More<span class=\"screen-reader-text\"> &#8220;Gera\u00e7\u00e3o Brasileira nos 800 AM neste s\u00e1bado, 30\/11&#8221;<\/span><\/a><\/p>\n","protected":false},"author":1,"featured_media":42375,"comment_status":"closed","ping_status":"closed","sticky":false,"template":"","format":"standard","meta":{"_eb_attr":"","footnotes":""},"categories":[14],"tags":[32],"class_list":["post-42694","post","type-post","status-publish","format-standard","has-post-thumbnail","hentry","category-geracaobrasileira","tag-cancoes-do-brasil"],"nelio_content":{"autoShareEndMode":"never","automationSources":{"useCustomSentences":false,"customSentences":[]},"efiAlt":"","efiUrl":"","followers":[1],"highlights":[],"isAutoShareEnabled":true,"networkImageIds":[],"permalinkQueryArgs":[],"series":[],"suggestedReferences":[]},"_links":{"self":[{"href":"https:\/\/aprendizdomundo.com\/portal\/wp-json\/wp\/v2\/posts\/42694","targetHints":{"allow":["GET"]}}],"collection":[{"href":"https:\/\/aprendizdomundo.com\/portal\/wp-json\/wp\/v2\/posts"}],"about":[{"href":"https:\/\/aprendizdomundo.com\/portal\/wp-json\/wp\/v2\/types\/post"}],"author":[{"embeddable":true,"href":"https:\/\/aprendizdomundo.com\/portal\/wp-json\/wp\/v2\/users\/1"}],"replies":[{"embeddable":true,"href":"https:\/\/aprendizdomundo.com\/portal\/wp-json\/wp\/v2\/comments?post=42694"}],"version-history":[{"count":1,"href":"https:\/\/aprendizdomundo.com\/portal\/wp-json\/wp\/v2\/posts\/42694\/revisions"}],"predecessor-version":[{"id":42695,"href":"https:\/\/aprendizdomundo.com\/portal\/wp-json\/wp\/v2\/posts\/42694\/revisions\/42695"}],"wp:featuredmedia":[{"embeddable":true,"href":"https:\/\/aprendizdomundo.com\/portal\/wp-json\/wp\/v2\/media\/42375"}],"wp:attachment":[{"href":"https:\/\/aprendizdomundo.com\/portal\/wp-json\/wp\/v2\/media?parent=42694"}],"wp:term":[{"taxonomy":"category","embeddable":true,"href":"https:\/\/aprendizdomundo.com\/portal\/wp-json\/wp\/v2\/categories?post=42694"},{"taxonomy":"post_tag","embeddable":true,"href":"https:\/\/aprendizdomundo.com\/portal\/wp-json\/wp\/v2\/tags?post=42694"}],"curies":[{"name":"wp","href":"https:\/\/api.w.org\/{rel}","templated":true}]}}