{"id":43276,"date":"2024-12-22T07:00:31","date_gmt":"2024-12-22T10:00:31","guid":{"rendered":"https:\/\/aprendizdomundo.com\/portal\/?p=43276"},"modified":"2024-11-26T20:00:00","modified_gmt":"2024-11-26T23:00:00","slug":"arquivo1403","status":"publish","type":"post","link":"https:\/\/aprendizdomundo.com\/portal\/2024\/12\/22\/arquivo1403\/","title":{"rendered":"Arquivo 800 destaca Guilherme Arantes neste domingo, 22\/12"},"content":{"rendered":"<p><img fetchpriority=\"high\" decoding=\"async\" class=\"alignleft\" title=\"Guilherme Arantes\" src=\"https:\/\/aprendizdomundo.com\/imagens\/arq_guilhermearantes.jpg\" alt=\"Guilherme Arantes\" width=\"320\" height=\"320\" \/>Acompanhe o <strong>Arquivo 800<\/strong>, a partir das <strong>19h00<\/strong>, pela <strong><a title=\"R\u00e1dio Universidade AM\" href=\"http:\/\/www.ufsm.br\/radio\/\" target=\"_blank\" rel=\"noopener\">R\u00e1dio Universidade AM<\/a><\/strong>.<\/p>\n<p><strong>Guilherme Arantes<\/strong> \u00e9 a atra\u00e7\u00e3o do programa de hoje. Ele nasceu a 28 de julho de 1953, na cidade de S\u00e3o Paulo. Come\u00e7ou sua carreira como tecladista e vocalista da banda Moto Perp\u00e9tuo, grupo de rock progressivo dos anos setenta. A partir de 1976, com o lan\u00e7amento do \u00e1lbum Guilherme Arantes, investiu na carreira solo, que j\u00e1 re\u00fane mais de vinte discos in\u00e9ditos.<\/p>\n<p><strong><a title=\"Arquivo 800\" href=\"https:\/\/aprendizdomundo.com\/portal\/radio\/exclusivos\/arquivo\/\">Arquivo 800<\/a><\/strong> \u00e9 um programa musical dedicado ao flashback, recordando grandes sucessos da m\u00fasica pop nacional dos anos sessenta, setenta e oitenta do s\u00e9culo passado. A cada audi\u00e7\u00e3o, destaque para \u00eaxitos de um artista ou grupo. H\u00e1 tamb\u00e9m audi\u00e7\u00f5es tem\u00e1ticas.<\/p>\n<p>A atra\u00e7\u00e3o vai ao ar pela <strong>Universidade AM<\/strong>, todo domingo, na faixa das 19h00 \u00e0s 20h00. A pesquisa, produ\u00e7\u00e3o, sele\u00e7\u00e3o de repert\u00f3rio e reda\u00e7\u00e3o de texto \u00e9 de <strong><a title=\"Milton Oliveira\" target=\"_blank\" rel=\"noopener\" href=\"https:\/\/aprendizdomundo.com\/miltonoliveira\">Milton Oliveira<\/a><\/strong>. A apresenta\u00e7\u00e3o e edi\u00e7\u00e3o \u00e9 de <strong><a title=\"Rodrigo Santiago no Facebook\" target=\"_blank\" rel=\"noopener\" href=\"https:\/\/www.facebook.com\/rodrigo.santiago.1044\">Rodrigo Santiago<\/a><\/strong>.<\/p>\n<p>O programa pode ser ouvido pelos <strong>800 AM<\/strong>, pelo <strong><a title=\"R\u00e1dio Universidade AM\" href=\"https:\/\/www.ufsm.br\/radio\" target=\"_blank\" rel=\"noopener\">site da emissora<\/a><\/strong> ou pelo smartphone, acessando seu aplicativo favorito.<\/p>\n","protected":false},"excerpt":{"rendered":"<p>Acompanhe o Arquivo 800, a partir das 19h00, pela R\u00e1dio Universidade AM. Guilherme Arantes \u00e9 a atra\u00e7\u00e3o do programa de hoje. Ele nasceu a 28 de julho de 1953, na cidade de S\u00e3o Paulo. Come\u00e7ou sua carreira como tecladista e vocalista da banda Moto Perp\u00e9tuo, grupo de rock progressivo dos anos setenta. A partir de [&#8230;] <\/p>\n<p class=\"more-link-container\"><a href=\"https:\/\/aprendizdomundo.com\/portal\/2024\/12\/22\/arquivo1403\/\" class=\"more-link\">Read More<span class=\"screen-reader-text\"> &#8220;Arquivo 800 destaca Guilherme Arantes neste domingo, 22\/12&#8221;<\/span><\/a><\/p>\n","protected":false},"author":1,"featured_media":43140,"comment_status":"closed","ping_status":"closed","sticky":false,"template":"","format":"standard","meta":{"_eb_attr":"","footnotes":""},"categories":[3],"tags":[67],"class_list":["post-43276","post","type-post","status-publish","format-standard","has-post-thumbnail","hentry","category-arquivo","tag-arquivo"],"nelio_content":{"autoShareEndMode":"never","automationSources":{"useCustomSentences":false,"customSentences":[]},"efiAlt":"","efiUrl":"","followers":[1],"highlights":[],"isAutoShareEnabled":true,"networkImageIds":[],"permalinkQueryArgs":[],"series":[],"suggestedReferences":[]},"_links":{"self":[{"href":"https:\/\/aprendizdomundo.com\/portal\/wp-json\/wp\/v2\/posts\/43276","targetHints":{"allow":["GET"]}}],"collection":[{"href":"https:\/\/aprendizdomundo.com\/portal\/wp-json\/wp\/v2\/posts"}],"about":[{"href":"https:\/\/aprendizdomundo.com\/portal\/wp-json\/wp\/v2\/types\/post"}],"author":[{"embeddable":true,"href":"https:\/\/aprendizdomundo.com\/portal\/wp-json\/wp\/v2\/users\/1"}],"replies":[{"embeddable":true,"href":"https:\/\/aprendizdomundo.com\/portal\/wp-json\/wp\/v2\/comments?post=43276"}],"version-history":[{"count":1,"href":"https:\/\/aprendizdomundo.com\/portal\/wp-json\/wp\/v2\/posts\/43276\/revisions"}],"predecessor-version":[{"id":43277,"href":"https:\/\/aprendizdomundo.com\/portal\/wp-json\/wp\/v2\/posts\/43276\/revisions\/43277"}],"wp:featuredmedia":[{"embeddable":true,"href":"https:\/\/aprendizdomundo.com\/portal\/wp-json\/wp\/v2\/media\/43140"}],"wp:attachment":[{"href":"https:\/\/aprendizdomundo.com\/portal\/wp-json\/wp\/v2\/media?parent=43276"}],"wp:term":[{"taxonomy":"category","embeddable":true,"href":"https:\/\/aprendizdomundo.com\/portal\/wp-json\/wp\/v2\/categories?post=43276"},{"taxonomy":"post_tag","embeddable":true,"href":"https:\/\/aprendizdomundo.com\/portal\/wp-json\/wp\/v2\/tags?post=43276"}],"curies":[{"name":"wp","href":"https:\/\/api.w.org\/{rel}","templated":true}]}}