{"id":43803,"date":"2024-12-21T00:01:19","date_gmt":"2024-12-21T03:01:19","guid":{"rendered":"https:\/\/aprendizdomundo.com\/portal\/?p=43803"},"modified":"2024-12-03T11:29:52","modified_gmt":"2024-12-03T14:29:52","slug":"geracaobrasileira262","status":"publish","type":"post","link":"https:\/\/aprendizdomundo.com\/portal\/2024\/12\/21\/geracaobrasileira262\/","title":{"rendered":"Gera\u00e7\u00e3o Brasileira nos 800 AM neste s\u00e1bado, 21\/12"},"content":{"rendered":"<p><img fetchpriority=\"high\" decoding=\"async\" class=\"alignleft\" title=\"Gera\u00e7\u00e3o Brasileira\" src=\"https:\/\/aprendizdomundo.com\/imagens\/marca800_geracaobrasileira.png\" alt=\"Gera\u00e7\u00e3o Brasileira\" width=\"320\" height=\"320\" \/>Acompanhe o <strong>Gera\u00e7\u00e3o Brasileira<\/strong> neste s\u00e1bado, a partir das <strong>07h00<\/strong>, pela <strong>R\u00e1dio Universidade AM<\/strong>.<\/p>\n<p>A audi\u00e7\u00e3o desta semana re\u00fane o seguinte repert\u00f3rio:<\/p>\n<p>Ant\u00f4nio Adolfo e a Brazuca &#8211; Teletema<br \/>\nCasa das M\u00e1quinas &#8211; Trem de Verdade<br \/>\nJorge Ben Jor &#8211; Santa Clara Clareou<br \/>\nRosana &#8211; Custe o Que Custar<br \/>\nPaulinho da Viola &#8211; Prisma Luminoso<br \/>\nDiana Pequeno &#8211; Can\u00e7\u00e3o de Fogo<br \/>\nVin\u00edcius Cantu\u00e1ria &#8211; At\u00e9 o Fim<br \/>\nTrio Mocot\u00f3 &#8211; Doca<br \/>\nDeny e Dino &#8211; Pare<br \/>\nBeth Carvalho &#8211; Saco de Feij\u00e3o<br \/>\nBar\u00e3o Vermelho &#8211; Voc\u00ea me Acende<br \/>\nSimone &#8211; T\u00f4 Voltando<br \/>\nOs Cariocas &#8211; Samba do Avi\u00e3o<br \/>\nGilliard &#8211; Suave \u00e9 a Noite<br \/>\nKleiton e Kledir &#8211; Maria Fuma\u00e7a<br \/>\nK\u00e1tia &#8211; Me Ensina o Que Fazer<br \/>\nRuy Maurity &#8211; Nem Ouro Nem Prata<br \/>\nDem\u00f4nios da Garoa &#8211; Saudosa Maloca<br \/>\nRaul Seixas &#8211; \u00c9 Fim de Mes<br \/>\nElis Regina &#8211; As Curvas da Estrada de Santos<br \/>\nAlceu Valen\u00e7a &#8211; Tropicana (Morena Tropicana)<br \/>\nChico Buarque e Milton Nascimento &#8211; O Que Ser\u00e1 (\u00c0 Flor da Pele)<br \/>\nGolden Boys &#8211; Se Voc\u00ea Quiser, Mas Sem Bronquear<br \/>\nBeto Guedes &#8211; L\u00e1grima de Amor<br \/>\nGal Costa &#8211; Pa\u00eds Tropical<br \/>\nBebeto &#8211; Segura Nega<br \/>\nVeronica Sabino &#8211; Coisa Feita<br \/>\nLuiz Ayr\u00e3o &#8211; Nossa Can\u00e7\u00e3o<br \/>\nHyldon &#8211; As Dores do Mundo<br \/>\nRPM &#8211; Olhar 43<br \/>\nRenato Teixeira &#8211; Chico<br \/>\nZeca Pagodinho &#8211; Feira de Acari<br \/>\nMilton Banana Trio &#8211; Voc\u00ea<br \/>\nWanderl\u00e9a &#8211; Prova de Fogo<\/p>\n<p><strong><a title=\"Gera\u00e7\u00e3o Brasileira\" href=\"https:\/\/aprendizdomundo.com\/portal\/radio\/programas\/geracao\/\">Gera\u00e7\u00e3o Brasileira<\/a><\/strong> \u00e9 um programa voltado \u00e0 execu\u00e7\u00e3o de can\u00e7\u00f5es brasileiras contempor\u00e2neas, reunindo sucessos das d\u00e9cadas de 1960 a 1990.<\/p>\n<p>A atra\u00e7\u00e3o vai ao ar pela <strong>Universidade AM<\/strong>, todo s\u00e1bado, na faixa das 07h00 \u00e0s 09h00. A pesquisa, produ\u00e7\u00e3o, sele\u00e7\u00e3o de repert\u00f3rio e edi\u00e7\u00e3o \u00e9 de <strong><a title=\"Milton Oliveira\" target=\"_blank\" rel=\"noopener\" href=\"https:\/\/aprendizdomundo.com\/miltonoliveira\">Milton Oliveira<\/a><\/strong>.<\/p>\n<p>O programa pode ser ouvido pelos <strong>800 AM<\/strong>, pelo <strong><a title=\"R\u00e1dio Universidade AM\" href=\"https:\/\/www.ufsm.br\/radio\" target=\"_blank\" rel=\"noopener\">site da emissora<\/a><\/strong> ou pelo smartphone, acessando seu aplicativo favorito.<\/p>\n","protected":false},"excerpt":{"rendered":"<p>Acompanhe o Gera\u00e7\u00e3o Brasileira neste s\u00e1bado, a partir das 07h00, pela R\u00e1dio Universidade AM. A audi\u00e7\u00e3o desta semana re\u00fane o seguinte repert\u00f3rio: Ant\u00f4nio Adolfo e a Brazuca &#8211; Teletema Casa das M\u00e1quinas &#8211; Trem de Verdade Jorge Ben Jor &#8211; Santa Clara Clareou Rosana &#8211; Custe o Que Custar Paulinho da Viola &#8211; Prisma Luminoso [&#8230;] <\/p>\n<p class=\"more-link-container\"><a href=\"https:\/\/aprendizdomundo.com\/portal\/2024\/12\/21\/geracaobrasileira262\/\" class=\"more-link\">Read More<span class=\"screen-reader-text\"> &#8220;Gera\u00e7\u00e3o Brasileira nos 800 AM neste s\u00e1bado, 21\/12&#8221;<\/span><\/a><\/p>\n","protected":false},"author":1,"featured_media":43598,"comment_status":"closed","ping_status":"closed","sticky":false,"template":"","format":"standard","meta":{"_eb_attr":"","footnotes":""},"categories":[14],"tags":[32],"class_list":["post-43803","post","type-post","status-publish","format-standard","has-post-thumbnail","hentry","category-geracaobrasileira","tag-cancoes-do-brasil"],"nelio_content":{"autoShareEndMode":"never","automationSources":{"useCustomSentences":false,"customSentences":[]},"efiAlt":"","efiUrl":"","followers":[1],"highlights":[],"isAutoShareEnabled":true,"networkImageIds":[],"permalinkQueryArgs":[],"series":[],"suggestedReferences":[]},"_links":{"self":[{"href":"https:\/\/aprendizdomundo.com\/portal\/wp-json\/wp\/v2\/posts\/43803","targetHints":{"allow":["GET"]}}],"collection":[{"href":"https:\/\/aprendizdomundo.com\/portal\/wp-json\/wp\/v2\/posts"}],"about":[{"href":"https:\/\/aprendizdomundo.com\/portal\/wp-json\/wp\/v2\/types\/post"}],"author":[{"embeddable":true,"href":"https:\/\/aprendizdomundo.com\/portal\/wp-json\/wp\/v2\/users\/1"}],"replies":[{"embeddable":true,"href":"https:\/\/aprendizdomundo.com\/portal\/wp-json\/wp\/v2\/comments?post=43803"}],"version-history":[{"count":1,"href":"https:\/\/aprendizdomundo.com\/portal\/wp-json\/wp\/v2\/posts\/43803\/revisions"}],"predecessor-version":[{"id":43804,"href":"https:\/\/aprendizdomundo.com\/portal\/wp-json\/wp\/v2\/posts\/43803\/revisions\/43804"}],"wp:featuredmedia":[{"embeddable":true,"href":"https:\/\/aprendizdomundo.com\/portal\/wp-json\/wp\/v2\/media\/43598"}],"wp:attachment":[{"href":"https:\/\/aprendizdomundo.com\/portal\/wp-json\/wp\/v2\/media?parent=43803"}],"wp:term":[{"taxonomy":"category","embeddable":true,"href":"https:\/\/aprendizdomundo.com\/portal\/wp-json\/wp\/v2\/categories?post=43803"},{"taxonomy":"post_tag","embeddable":true,"href":"https:\/\/aprendizdomundo.com\/portal\/wp-json\/wp\/v2\/tags?post=43803"}],"curies":[{"name":"wp","href":"https:\/\/api.w.org\/{rel}","templated":true}]}}