{"id":43968,"date":"2025-01-14T04:00:47","date_gmt":"2025-01-14T07:00:47","guid":{"rendered":"https:\/\/aprendizdomundo.com\/portal\/?p=43968"},"modified":"2025-01-01T11:13:18","modified_gmt":"2025-01-01T14:13:18","slug":"atracaonacionalnabloco292","status":"publish","type":"post","link":"https:\/\/aprendizdomundo.com\/portal\/2025\/01\/14\/atracaonacionalnabloco292\/","title":{"rendered":"Gabi Shima na Bloco nesta ter\u00e7a, 14\/01"},"content":{"rendered":"<p>Acompanhe o <strong>Atra\u00e7\u00e3o Nacional<\/strong> nesta ter\u00e7a, a partir das <strong>17h00<\/strong>, pela <strong><a title=\"R\u00e1dio Bloco\" href=\"http:\/\/www.radiobloco.net\/\" target=\"_blank\" rel=\"noopener\">R\u00e1dio Bloco<\/a><\/strong>. Uma produ\u00e7\u00e3o original da <strong><a title=\"R\u00e1dio Universidade AM\" href=\"https:\/\/www.ufsm.br\/radio\" target=\"_blank\" rel=\"noopener\">R\u00e1dio Universidade AM<\/a><\/strong>.<\/p>\n<p><img fetchpriority=\"high\" decoding=\"async\" title=\"Gabi Shima\" class=\"alignleft\" src=\"https:\/\/aprendizdomundo.com\/imagens\/an_gabishima.jpg\" alt=\"Gabi Shima\" width=\"320\" height=\"320\" \/>A audi\u00e7\u00e3o desta semana destaca mais um programa da S\u00e9rie Musicalidade, tocando a obra gravada de <strong>Gabi Shima<\/strong>. A compositora e cantora Gabriella Schmadecke de Assun\u00e7\u00e3o nasceu no ano de 1994, em Vilhena, cidade conhecida como Portal da Amaz\u00f4nia. Come\u00e7ou a carreira art\u00edstica em 2013, participando de eventos e tocando em bares pelo interior de Rond\u00f4nia. A estreia em disco aconteceu em 2020, com o lan\u00e7amento do EP Causos. O primeiro \u00e1lbum chegou em 2023, com o t\u00edtulo de Faria Tudo de Novo.<\/p>\n<p>A <strong>playlist<\/strong> para esta tarde \u00e9 a seguinte:<\/p>\n<p>N\u00e3o Penso (Pouco) em Voc\u00ea<br \/>\nMenina, com Paula Shaira<br \/>\nRomance\u00b2<br \/>\nAquela Rua<br \/>\nTudo Que eu Nunca te Disse, part. Gabri\u00ea<br \/>\nS\u00f3 Mais um Pedido de Desculpas<br \/>\nAmor N\u00e3o Tem Hora<br \/>\nCarta Para um Ex<br \/>\nSe Sesse<br \/>\nDa Mesma Mat\u00e9ria, part. N\u00edccolo<br \/>\nO Sonhador<br \/>\nDomingo, part. Plut\u00e3o J\u00e1 Foi Planeta<br \/>\nSempre Acreditei<br \/>\nRespira, com Gabri\u00ea<br \/>\nTe Prefiro<br \/>\nVoc\u00ea N\u00e3o me Aconteceu<\/p>\n<p>O <strong>Atra\u00e7\u00e3o Nacional<\/strong> vai ao ar pela <strong>R\u00e1dio Bloco<\/strong>, toda ter\u00e7a, na faixa das 17h00 \u00e0s 18h00. A dire\u00e7\u00e3o, pesquisa, produ\u00e7\u00e3o, sele\u00e7\u00e3o de repert\u00f3rio, reda\u00e7\u00e3o de texto, apresenta\u00e7\u00e3o e edi\u00e7\u00e3o \u00e9 de <strong><a title=\"Milton Oliveira\" target=\"_blank\" rel=\"noopener\" href=\"https:\/\/aprendizdomundo.com\/miltonoliveira\">Milton Oliveira<\/a><\/strong>.<\/p>\n<p>O programa pode ser ouvido pela home page da emissora, em <strong><a title=\"R\u00e1dio Bloco\" href=\" http:\/\/www.radiobloco.net\/\" target=\"_blank\" rel=\"noopener\">www.radiobloco.net<\/a><\/strong>, ou pelo smartphone, acessando seu aplicativo favorito.<\/p>\n<p>O <strong>Atra\u00e7\u00e3o Nacional<\/strong> tamb\u00e9m \u00e9 veiculado pela <strong><a title=\"R\u00e1dio Universidade AM\" href=\"https:\/\/www.ufsm.br\/radio\" target=\"_blank\" rel=\"noopener\">Universidade 800 AM<\/a><\/strong>, de segunda a sexta, na faixa das 20h00 \u00e0s 21h00; pela <strong><a title=\"R\u00e1dio Uni FM\" href=\"https:\/\/www.ufsm.br\/radio\" target=\"_blank\" rel=\"noopener\">Uni FM 107.9<\/a><\/strong>, de segunda a sexta, na faixa das 22h00 \u00e0s 23h00; e pela <strong><a title=\"Resonance R\u00e1dio\" href=\"http:\/\/www.resonanceradio.com.br\/\" target=\"_blank\" rel=\"noopener\">Resonance R\u00e1dio<\/a><\/strong>, todo domingo, na faixa das 18h00 \u00e0s 19h00. As audi\u00e7\u00f5es n\u00e3o s\u00e3o vinculadas, os destaques s\u00e3o sempre diferentes em cada emissora.<\/p>\n<p>Curta a fanpage do nosso programa em <strong><strong><a href=\"http:\/\/www.facebook.com\/atracaonacional\" target=\"_blank\" rel=\"noopener\" title=\"Atra\u00e7\u00e3o Nacional no Facebook\">facebook.com\/atracaonacional<\/a><\/strong><\/strong>.<\/p>\n","protected":false},"excerpt":{"rendered":"<p>Acompanhe o Atra\u00e7\u00e3o Nacional nesta ter\u00e7a, a partir das 17h00, pela R\u00e1dio Bloco. Uma produ\u00e7\u00e3o original da R\u00e1dio Universidade AM. A audi\u00e7\u00e3o desta semana destaca mais um programa da S\u00e9rie Musicalidade, tocando a obra gravada de Gabi Shima. A compositora e cantora Gabriella Schmadecke de Assun\u00e7\u00e3o nasceu no ano de 1994, em Vilhena, cidade conhecida [&#8230;] <\/p>\n<p class=\"more-link-container\"><a href=\"https:\/\/aprendizdomundo.com\/portal\/2025\/01\/14\/atracaonacionalnabloco292\/\" class=\"more-link\">Read More<span class=\"screen-reader-text\"> &#8220;Gabi Shima na Bloco nesta ter\u00e7a, 14\/01&#8221;<\/span><\/a><\/p>\n","protected":false},"author":1,"featured_media":43604,"comment_status":"closed","ping_status":"closed","sticky":false,"template":"","format":"standard","meta":{"_eb_attr":"","footnotes":""},"categories":[4],"tags":[49],"class_list":["post-43968","post","type-post","status-publish","format-standard","has-post-thumbnail","hentry","category-atracao","tag-musica-do-brasil"],"nelio_content":{"autoShareEndMode":"never","automationSources":{"useCustomSentences":false,"customSentences":[]},"efiAlt":"","efiUrl":"","followers":[1],"highlights":[],"isAutoShareEnabled":true,"networkImageIds":[],"permalinkQueryArgs":[],"series":[],"suggestedReferences":[]},"_links":{"self":[{"href":"https:\/\/aprendizdomundo.com\/portal\/wp-json\/wp\/v2\/posts\/43968","targetHints":{"allow":["GET"]}}],"collection":[{"href":"https:\/\/aprendizdomundo.com\/portal\/wp-json\/wp\/v2\/posts"}],"about":[{"href":"https:\/\/aprendizdomundo.com\/portal\/wp-json\/wp\/v2\/types\/post"}],"author":[{"embeddable":true,"href":"https:\/\/aprendizdomundo.com\/portal\/wp-json\/wp\/v2\/users\/1"}],"replies":[{"embeddable":true,"href":"https:\/\/aprendizdomundo.com\/portal\/wp-json\/wp\/v2\/comments?post=43968"}],"version-history":[{"count":1,"href":"https:\/\/aprendizdomundo.com\/portal\/wp-json\/wp\/v2\/posts\/43968\/revisions"}],"predecessor-version":[{"id":43969,"href":"https:\/\/aprendizdomundo.com\/portal\/wp-json\/wp\/v2\/posts\/43968\/revisions\/43969"}],"wp:featuredmedia":[{"embeddable":true,"href":"https:\/\/aprendizdomundo.com\/portal\/wp-json\/wp\/v2\/media\/43604"}],"wp:attachment":[{"href":"https:\/\/aprendizdomundo.com\/portal\/wp-json\/wp\/v2\/media?parent=43968"}],"wp:term":[{"taxonomy":"category","embeddable":true,"href":"https:\/\/aprendizdomundo.com\/portal\/wp-json\/wp\/v2\/categories?post=43968"},{"taxonomy":"post_tag","embeddable":true,"href":"https:\/\/aprendizdomundo.com\/portal\/wp-json\/wp\/v2\/tags?post=43968"}],"curies":[{"name":"wp","href":"https:\/\/api.w.org\/{rel}","templated":true}]}}