{"id":44156,"date":"2025-01-07T05:00:54","date_gmt":"2025-01-07T08:00:54","guid":{"rendered":"https:\/\/aprendizdomundo.com\/portal\/?p=44156"},"modified":"2025-01-01T13:16:26","modified_gmt":"2025-01-01T16:16:26","slug":"fandangogaucho374","status":"publish","type":"post","link":"https:\/\/aprendizdomundo.com\/portal\/2025\/01\/07\/fandangogaucho374\/","title":{"rendered":"Fandango Ga\u00facho no entardecer da Universidade AM, 07\/01"},"content":{"rendered":"<p><img fetchpriority=\"high\" decoding=\"async\" class=\"alignleft\" title=\"Fandango Ga\u00facho\" src=\"https:\/\/aprendizdomundo.com\/imagens\/marca800_fandango.png\" alt=\"Fandango Ga\u00facho\" width=\"320\" height=\"320\" \/>Acompanhe o <strong>Fandango Ga\u00facho<\/strong> de hoje, a partir das <strong>18h00<\/strong>, pela <strong><a title=\"R\u00e1dio Universidade AM\" href=\"https:\/\/www.ufsm.br\/radio\" target=\"_blank\" rel=\"noopener\">R\u00e1dio Universidade AM<\/a><\/strong>.<\/p>\n<p>Voc\u00ea vai ouvir a seguinte sele\u00e7\u00e3o de m\u00fasicas:<\/p>\n<p>Grupo Balan\u00e7o Nativo &#8211; Na Imensid\u00e3o da Saudade<br \/>\nElton Saldanha &#8211; Festa Ga\u00facha<br \/>\nGrupo Rodeio &#8211; Chorona<br \/>\nNenito Sarturi e Grupo Manancial &#8211; Castra\u00e7\u00e3o a Pealo<br \/>\nGrupo Eco da Liberdade &#8211; Fandangos do Sul<br \/>\nExpresso Tch\u00ea &#8211; Pra Ouvir o Som<br \/>\nAdriano Ineu &#8211; De Qualquer Jeito<\/p>\n<p><strong><a title=\"Fandango Ga\u00facho\" href=\"https:\/\/aprendizdomundo.com\/portal\/radio\/programas\/fandango\/\">Fandango Ga\u00facho<\/a><\/strong>\u00e9 um programa dedicado \u00e0 m\u00fasica ga\u00facha, especialmente a vertente baileira.<\/p>\n<p>A atra\u00e7\u00e3o vai ao ar pela <strong>Universidade AM<\/strong>, de segunda a sexta, na faixa das 18h00 \u00e0s 18h30. A pesquisa, produ\u00e7\u00e3o, sele\u00e7\u00e3o de repert\u00f3rio e edi\u00e7\u00e3o \u00e9 de <strong><a title=\"Milton Oliveira\" target=\"_blank\" rel=\"noopener\" href=\"https:\/\/aprendizdomundo.com\/miltonoliveira\">Milton Oliveira<\/a><\/strong>.<\/p>\n<p>O programa pode ser ouvido pelos <strong>800 AM<\/strong>, pelo <strong><a title=\"R\u00e1dio Universidade AM\" href=\"https:\/\/www.ufsm.br\/radio\" target=\"_blank\" rel=\"noopener\">site da emissora<\/a><\/strong> ou pelo smartphone, acessando seu aplicativo favorito.<\/p>\n","protected":false},"excerpt":{"rendered":"<p>Acompanhe o Fandango Ga\u00facho de hoje, a partir das 18h00, pela R\u00e1dio Universidade AM. Voc\u00ea vai ouvir a seguinte sele\u00e7\u00e3o de m\u00fasicas: Grupo Balan\u00e7o Nativo &#8211; Na Imensid\u00e3o da Saudade Elton Saldanha &#8211; Festa Ga\u00facha Grupo Rodeio &#8211; Chorona Nenito Sarturi e Grupo Manancial &#8211; Castra\u00e7\u00e3o a Pealo Grupo Eco da Liberdade &#8211; Fandangos do [&#8230;] <\/p>\n<p class=\"more-link-container\"><a href=\"https:\/\/aprendizdomundo.com\/portal\/2025\/01\/07\/fandangogaucho374\/\" class=\"more-link\">Read More<span class=\"screen-reader-text\"> &#8220;Fandango Ga\u00facho no entardecer da Universidade AM, 07\/01&#8221;<\/span><\/a><\/p>\n","protected":false},"author":1,"featured_media":43600,"comment_status":"closed","ping_status":"closed","sticky":false,"template":"","format":"standard","meta":{"_eb_attr":"","footnotes":""},"categories":[12],"tags":[46],"class_list":["post-44156","post","type-post","status-publish","format-standard","has-post-thumbnail","hentry","category-fandango","tag-musica-baileira"],"nelio_content":{"autoShareEndMode":"never","automationSources":{"useCustomSentences":false,"customSentences":[]},"efiAlt":"","efiUrl":"","followers":[1],"highlights":[],"isAutoShareEnabled":true,"networkImageIds":[],"permalinkQueryArgs":[],"series":[],"suggestedReferences":[]},"_links":{"self":[{"href":"https:\/\/aprendizdomundo.com\/portal\/wp-json\/wp\/v2\/posts\/44156","targetHints":{"allow":["GET"]}}],"collection":[{"href":"https:\/\/aprendizdomundo.com\/portal\/wp-json\/wp\/v2\/posts"}],"about":[{"href":"https:\/\/aprendizdomundo.com\/portal\/wp-json\/wp\/v2\/types\/post"}],"author":[{"embeddable":true,"href":"https:\/\/aprendizdomundo.com\/portal\/wp-json\/wp\/v2\/users\/1"}],"replies":[{"embeddable":true,"href":"https:\/\/aprendizdomundo.com\/portal\/wp-json\/wp\/v2\/comments?post=44156"}],"version-history":[{"count":1,"href":"https:\/\/aprendizdomundo.com\/portal\/wp-json\/wp\/v2\/posts\/44156\/revisions"}],"predecessor-version":[{"id":44157,"href":"https:\/\/aprendizdomundo.com\/portal\/wp-json\/wp\/v2\/posts\/44156\/revisions\/44157"}],"wp:featuredmedia":[{"embeddable":true,"href":"https:\/\/aprendizdomundo.com\/portal\/wp-json\/wp\/v2\/media\/43600"}],"wp:attachment":[{"href":"https:\/\/aprendizdomundo.com\/portal\/wp-json\/wp\/v2\/media?parent=44156"}],"wp:term":[{"taxonomy":"category","embeddable":true,"href":"https:\/\/aprendizdomundo.com\/portal\/wp-json\/wp\/v2\/categories?post=44156"},{"taxonomy":"post_tag","embeddable":true,"href":"https:\/\/aprendizdomundo.com\/portal\/wp-json\/wp\/v2\/tags?post=44156"}],"curies":[{"name":"wp","href":"https:\/\/api.w.org\/{rel}","templated":true}]}}