{"id":45350,"date":"2025-03-17T03:00:44","date_gmt":"2025-03-17T06:00:44","guid":{"rendered":"https:\/\/aprendizdomundo.com\/portal\/?p=45350"},"modified":"2025-03-01T15:49:11","modified_gmt":"2025-03-01T18:49:11","slug":"femina2033","status":"publish","type":"post","link":"https:\/\/aprendizdomundo.com\/portal\/2025\/03\/17\/femina2033\/","title":{"rendered":"Femina na programa\u00e7\u00e3o da Universidade AM nesta segunda, 17\/03"},"content":{"rendered":"<p><img fetchpriority=\"high\" decoding=\"async\" class=\"alignleft\" title=\"Femina\" src=\"https:\/\/aprendizdomundo.com\/imagens\/marca800_femina.png\" alt=\"Femina\" width=\"320\" height=\"320\" \/>Acompanhe o <strong>Femina<\/strong> de hoje, a partir das <strong>14h00<\/strong>, pela <strong><a title=\"R\u00e1dio Universidade AM\" href=\"https:\/\/www.ufsm.br\/radio\" target=\"_blank\" rel=\"noopener\">R\u00e1dio Universidade AM<\/a><\/strong>.<\/p>\n<p>A sele\u00e7\u00e3o musical programada \u00e9 a seguinte:<\/p>\n<p>Ully Costa &#8211; Olhos d&#8217;\u00c1gua<br \/>\nIzm\u00e1lia &#8211; Monogamia<br \/>\nMaria Beth\u00e2nia &#8211; Mulheres do Brasil<br \/>\nN\u00e1 Ozzetti &#8211; Corta-Jaca<br \/>\nEmanuelle Ara\u00fajo &#8211; O Problema \u00e9 a Velocidade<br \/>\nElis Regina &#8211; Calcanhar de Aquiles<br \/>\nAdriana Calcanhoto &#8211; Metade<br \/>\nBeth Carvalho &#8211; Corda no Pesco\u00e7o<br \/>\nKarla Sabah &#8211; Vivo Sonhando<br \/>\nPaola Matos &#8211; Menestrel<br \/>\nSheyla Costa &#8211; Sentido Figurado<br \/>\nAna Paula Lopes &#8211; Mil Rosas<br \/>\nAlcione &#8211; Contra a Correnteza<br \/>\nDaniela Mercury &#8211; Topo do Mundo<br \/>\nAmelinha &#8211; Mulher Nova Bonita e Carinhosa<\/p>\n<p><strong><a title=\"Femina\" href=\"https:\/\/aprendizdomundo.com\/portal\/radio\/programas\/femina\/\">Femina<\/a><\/strong> \u00e9 um programa voltado \u00e0 execu\u00e7\u00e3o de cantoras brasileiras contempor\u00e2neas, reunindo grava\u00e7\u00f5es dos anos 1980 \u00e0 atualidade, dando aten\u00e7\u00e3o especial \u00e0s novas vozes da nossa m\u00fasica.<\/p>\n<p>A produ\u00e7\u00e3o vai ao ar pela <strong>Universidade AM<\/strong>, de segunda a sexta, na faixa das 14h00 \u00e0s 15h00. A pesquisa, produ\u00e7\u00e3o, sele\u00e7\u00e3o de repert\u00f3rio e edi\u00e7\u00e3o \u00e9 de <strong><a title=\"Milton Oliveira\" target=\"_blank\" rel=\"noopener\" href=\"https:\/\/aprendizdomundo.com\/miltonoliveira\">Milton Oliveira<\/a><\/strong>.<\/p>\n<p>O programa pode ser ouvido pelos <strong>800 AM<\/strong>, pelo <strong><a title=\"R\u00e1dio Universidade AM\" href=\"https:\/\/www.ufsm.br\/radio\" target=\"_blank\" rel=\"noopener\">site da emissora<\/a><\/strong> ou pelo smartphone, acessando seu aplicativo favorito.<\/p>\n","protected":false},"excerpt":{"rendered":"<p>Acompanhe o Femina de hoje, a partir das 14h00, pela R\u00e1dio Universidade AM. A sele\u00e7\u00e3o musical programada \u00e9 a seguinte: Ully Costa &#8211; Olhos d&#8217;\u00c1gua Izm\u00e1lia &#8211; Monogamia Maria Beth\u00e2nia &#8211; Mulheres do Brasil N\u00e1 Ozzetti &#8211; Corta-Jaca Emanuelle Ara\u00fajo &#8211; O Problema \u00e9 a Velocidade Elis Regina &#8211; Calcanhar de Aquiles Adriana Calcanhoto &#8211; [&#8230;] <\/p>\n<p class=\"more-link-container\"><a href=\"https:\/\/aprendizdomundo.com\/portal\/2025\/03\/17\/femina2033\/\" class=\"more-link\">Read More<span class=\"screen-reader-text\"> &#8220;Femina na programa\u00e7\u00e3o da Universidade AM nesta segunda, 17\/03&#8221;<\/span><\/a><\/p>\n","protected":false},"author":1,"featured_media":43599,"comment_status":"closed","ping_status":"closed","sticky":false,"template":"","format":"standard","meta":{"_eb_attr":"","footnotes":""},"categories":[13],"tags":[34],"class_list":["post-45350","post","type-post","status-publish","format-standard","has-post-thumbnail","hentry","category-femina","tag-femina"],"nelio_content":{"autoShareEndMode":"never","automationSources":{"useCustomSentences":false,"customSentences":[]},"efiAlt":"","efiUrl":"","followers":[1],"highlights":[],"isAutoShareEnabled":true,"networkImageIds":[],"permalinkQueryArgs":[],"series":[],"suggestedReferences":[]},"_links":{"self":[{"href":"https:\/\/aprendizdomundo.com\/portal\/wp-json\/wp\/v2\/posts\/45350","targetHints":{"allow":["GET"]}}],"collection":[{"href":"https:\/\/aprendizdomundo.com\/portal\/wp-json\/wp\/v2\/posts"}],"about":[{"href":"https:\/\/aprendizdomundo.com\/portal\/wp-json\/wp\/v2\/types\/post"}],"author":[{"embeddable":true,"href":"https:\/\/aprendizdomundo.com\/portal\/wp-json\/wp\/v2\/users\/1"}],"replies":[{"embeddable":true,"href":"https:\/\/aprendizdomundo.com\/portal\/wp-json\/wp\/v2\/comments?post=45350"}],"version-history":[{"count":1,"href":"https:\/\/aprendizdomundo.com\/portal\/wp-json\/wp\/v2\/posts\/45350\/revisions"}],"predecessor-version":[{"id":45351,"href":"https:\/\/aprendizdomundo.com\/portal\/wp-json\/wp\/v2\/posts\/45350\/revisions\/45351"}],"wp:featuredmedia":[{"embeddable":true,"href":"https:\/\/aprendizdomundo.com\/portal\/wp-json\/wp\/v2\/media\/43599"}],"wp:attachment":[{"href":"https:\/\/aprendizdomundo.com\/portal\/wp-json\/wp\/v2\/media?parent=45350"}],"wp:term":[{"taxonomy":"category","embeddable":true,"href":"https:\/\/aprendizdomundo.com\/portal\/wp-json\/wp\/v2\/categories?post=45350"},{"taxonomy":"post_tag","embeddable":true,"href":"https:\/\/aprendizdomundo.com\/portal\/wp-json\/wp\/v2\/tags?post=45350"}],"curies":[{"name":"wp","href":"https:\/\/api.w.org\/{rel}","templated":true}]}}