{"id":45637,"date":"2025-03-25T03:00:01","date_gmt":"2025-03-25T06:00:01","guid":{"rendered":"https:\/\/aprendizdomundo.com\/portal\/?p=45637"},"modified":"2025-03-03T10:10:34","modified_gmt":"2025-03-03T13:10:34","slug":"femina2039","status":"publish","type":"post","link":"https:\/\/aprendizdomundo.com\/portal\/2025\/03\/25\/femina2039\/","title":{"rendered":"Femina na programa\u00e7\u00e3o da Universidade AM nesta ter\u00e7a, 25\/03"},"content":{"rendered":"<p><img fetchpriority=\"high\" decoding=\"async\" class=\"alignleft\" title=\"Femina\" src=\"https:\/\/aprendizdomundo.com\/imagens\/marca800_femina.png\" alt=\"Femina\" width=\"320\" height=\"320\" \/>Acompanhe o <strong>Femina<\/strong> de hoje, a partir das <strong>14h00<\/strong>, pela <strong><a title=\"R\u00e1dio Universidade AM\" href=\"https:\/\/www.ufsm.br\/radio\" target=\"_blank\" rel=\"noopener\">R\u00e1dio Universidade AM<\/a><\/strong>.<\/p>\n<p>A sele\u00e7\u00e3o musical programada \u00e9 a seguinte:<\/p>\n<p>M\u00f4nica Salmaso e Roberta S\u00e1 &#8211; Brasil Pandeiro<br \/>\nPaula Fernandes &#8211; Al\u00e9m da Vida<br \/>\nPaula Toller &#8211; Voc\u00ea me Ganhou de Presente<br \/>\nMariana Baltar &#8211; Incendiado<br \/>\n\u00c2ngela R\u00f4 R\u00f4 &#8211; Compasso<br \/>\nMaria Eug\u00eania &#8211; O Samba me Diz<br \/>\nClara Becker &#8211; Viol\u00e3o Amigo<br \/>\nPreta Gil &#8211; De Toda Maneira<br \/>\nVer\u00f4nica Ferriani &#8211; Na Volta da Ladeira<br \/>\nDanni Carlos &#8211; O Seu Lugar<br \/>\nJulia Bosco &#8211; Dia Santo<br \/>\nDhi Ribeiro &#8211; Aula de Matematica<br \/>\nLeila Moreno &#8211; N\u00e3o Tenho Hora Para Voltar<br \/>\nThais Gulin &#8211; \u00c1gua<\/p>\n<p><strong><a title=\"Femina\" href=\"https:\/\/aprendizdomundo.com\/portal\/radio\/programas\/femina\/\">Femina<\/a><\/strong> \u00e9 um programa voltado \u00e0 execu\u00e7\u00e3o de cantoras brasileiras contempor\u00e2neas, reunindo grava\u00e7\u00f5es dos anos 1980 \u00e0 atualidade, dando aten\u00e7\u00e3o especial \u00e0s novas vozes da nossa m\u00fasica.<\/p>\n<p>A produ\u00e7\u00e3o vai ao ar pela <strong>Universidade AM<\/strong>, de segunda a sexta, na faixa das 14h00 \u00e0s 15h00. A pesquisa, produ\u00e7\u00e3o, sele\u00e7\u00e3o de repert\u00f3rio e edi\u00e7\u00e3o \u00e9 de <strong><a title=\"Milton Oliveira\" target=\"_blank\" rel=\"noopener\" href=\"https:\/\/aprendizdomundo.com\/miltonoliveira\">Milton Oliveira<\/a><\/strong>.<\/p>\n<p>O programa pode ser ouvido pelos <strong>800 AM<\/strong>, pelo <strong><a title=\"R\u00e1dio Universidade AM\" href=\"https:\/\/www.ufsm.br\/radio\" target=\"_blank\" rel=\"noopener\">site da emissora<\/a><\/strong> ou pelo smartphone, acessando seu aplicativo favorito.<\/p>\n","protected":false},"excerpt":{"rendered":"<p>Acompanhe o Femina de hoje, a partir das 14h00, pela R\u00e1dio Universidade AM. A sele\u00e7\u00e3o musical programada \u00e9 a seguinte: M\u00f4nica Salmaso e Roberta S\u00e1 &#8211; Brasil Pandeiro Paula Fernandes &#8211; Al\u00e9m da Vida Paula Toller &#8211; Voc\u00ea me Ganhou de Presente Mariana Baltar &#8211; Incendiado \u00c2ngela R\u00f4 R\u00f4 &#8211; Compasso Maria Eug\u00eania &#8211; O [&#8230;] <\/p>\n<p class=\"more-link-container\"><a href=\"https:\/\/aprendizdomundo.com\/portal\/2025\/03\/25\/femina2039\/\" class=\"more-link\">Read More<span class=\"screen-reader-text\"> &#8220;Femina na programa\u00e7\u00e3o da Universidade AM nesta ter\u00e7a, 25\/03&#8221;<\/span><\/a><\/p>\n","protected":false},"author":1,"featured_media":45537,"comment_status":"closed","ping_status":"closed","sticky":false,"template":"","format":"standard","meta":{"_eb_attr":"","footnotes":""},"categories":[13],"tags":[34],"class_list":["post-45637","post","type-post","status-publish","format-standard","has-post-thumbnail","hentry","category-femina","tag-femina"],"nelio_content":{"autoShareEndMode":"never","automationSources":{"useCustomSentences":false,"customSentences":[]},"efiAlt":"","efiUrl":"","followers":[1],"highlights":[],"isAutoShareEnabled":true,"networkImageIds":[],"permalinkQueryArgs":[],"series":[],"suggestedReferences":[]},"_links":{"self":[{"href":"https:\/\/aprendizdomundo.com\/portal\/wp-json\/wp\/v2\/posts\/45637","targetHints":{"allow":["GET"]}}],"collection":[{"href":"https:\/\/aprendizdomundo.com\/portal\/wp-json\/wp\/v2\/posts"}],"about":[{"href":"https:\/\/aprendizdomundo.com\/portal\/wp-json\/wp\/v2\/types\/post"}],"author":[{"embeddable":true,"href":"https:\/\/aprendizdomundo.com\/portal\/wp-json\/wp\/v2\/users\/1"}],"replies":[{"embeddable":true,"href":"https:\/\/aprendizdomundo.com\/portal\/wp-json\/wp\/v2\/comments?post=45637"}],"version-history":[{"count":1,"href":"https:\/\/aprendizdomundo.com\/portal\/wp-json\/wp\/v2\/posts\/45637\/revisions"}],"predecessor-version":[{"id":45638,"href":"https:\/\/aprendizdomundo.com\/portal\/wp-json\/wp\/v2\/posts\/45637\/revisions\/45638"}],"wp:featuredmedia":[{"embeddable":true,"href":"https:\/\/aprendizdomundo.com\/portal\/wp-json\/wp\/v2\/media\/45537"}],"wp:attachment":[{"href":"https:\/\/aprendizdomundo.com\/portal\/wp-json\/wp\/v2\/media?parent=45637"}],"wp:term":[{"taxonomy":"category","embeddable":true,"href":"https:\/\/aprendizdomundo.com\/portal\/wp-json\/wp\/v2\/categories?post=45637"},{"taxonomy":"post_tag","embeddable":true,"href":"https:\/\/aprendizdomundo.com\/portal\/wp-json\/wp\/v2\/tags?post=45637"}],"curies":[{"name":"wp","href":"https:\/\/api.w.org\/{rel}","templated":true}]}}