{"id":45715,"date":"2025-03-21T19:00:51","date_gmt":"2025-03-21T22:00:51","guid":{"rendered":"https:\/\/aprendizdomundo.com\/portal\/?p=45715"},"modified":"2025-03-03T10:57:25","modified_gmt":"2025-03-03T13:57:25","slug":"sarandeio2890","status":"publish","type":"post","link":"https:\/\/aprendizdomundo.com\/portal\/2025\/03\/21\/sarandeio2890\/","title":{"rendered":"Sarandeio no amanhecer da Universidade AM, 22\/03"},"content":{"rendered":"<p><img fetchpriority=\"high\" decoding=\"async\" class=\"alignleft\" title=\"Sarandeio\" src=\"https:\/\/aprendizdomundo.com\/imagens\/sarandeio_d22.png\" alt=\"Sarandeio\" width=\"320\" height=\"320\" \/>Acompanhe a audi\u00e7\u00e3o 2890 do <strong>Sarandeio<\/strong> na pr\u00f3xima madrugada, a partir das <strong>05h00<\/strong>, pela <strong><a title=\"R\u00e1dio Universidade AM\" href=\"https:\/\/www.ufsm.br\/radio\" target=\"_blank\" rel=\"noopener\">R\u00e1dio Universidade AM<\/a><\/strong>.<\/p>\n<p>A sele\u00e7\u00e3o musical vai destacar&#8230;<\/p>\n<p>Grupo Maleva &#8211; Louca de Buena<br \/>\nRodrigo Lucena &#8211; Aconchego dos Gaud\u00e9rios<br \/>\nOs Caudilhos &#8211; Grudado Num Vaner\u00e3o<br \/>\nZezinho Furquim &#8211; O Toque do Seu Furquim<br \/>\nGrupo Rodeio &#8211; Cidade Cora\u00e7\u00e3o<br \/>\nAses do Fandango &#8211; Saudade do Galp\u00e3o<br \/>\nDaniel Barros &#8211; Baile da Mascureba<br \/>\nGarotos da Tradi\u00e7\u00e3o &#8211; Festa Bagual<br \/>\nXir\u00fa Missioneiro &#8211; O Guasca e a Roqueira<br \/>\nGrupo Alian\u00e7a Fandangueira &#8211; Vaneira do Litoral<br \/>\nAnt\u00f4nio Carlos e Darlan Orta\u00e7a &#8211; Mercedita<br \/>\nCantadores do Litoral &#8211; Um Canto a Terra<br \/>\nOs Araganos &#8211; Vento Norte<br \/>\nGrupo Can\u00e7\u00e3o Nativa &#8211; Fandango e Surungo<br \/>\nIedo Silva &#8211; Terra Santa<br \/>\nNielsen Santos &#8211; Sapecando os Gravetos<br \/>\nGrupo Pastoreio &#8211; Balan\u00e7o Fandangueiro<br \/>\nOs Veteranos &#8211; Bretes do Povo<br \/>\nNenito Sarturi &#8211; Barranca e Rio<br \/>\nTch\u00ea Campeiro &#8211; Arroz com Charque, P\u00e3o com Banha<br \/>\nGrupo Estribo de Prata &#8211; Domador<br \/>\nAdalberto Kruel &#8211; Levantando Polvadeira<br \/>\nBarranca e Fronteira &#8211; Xote Ch\u00e1 Ch\u00e1 Ch\u00e1<br \/>\nOs Bombachudos &#8211; O Filho da Frida<br \/>\nPedro Vald\u00e9ras e Grupo Chimango &#8211; Quer\u00eancia Amada<br \/>\nIvan Taborda &#8211; Comida de Bolicho (causo)<br \/>\nGrupo Candieiro &#8211; Rio Grande Tch\u00ea<br \/>\nAnt\u00f4nio Gringo e Os Quatro Ventos &#8211; Quanta Vaneira &#8211;<br \/>\nOs Guapos &#8211; Dia de Rodeio<br \/>\nM\u00e1rcio Padula e Grupo Alma Nativa &#8211; Cantador<br \/>\nBaitaca e Grupo do Fundo da Grota &#8211; Domador de Estouro<br \/>\nGrupo Floreio &#8211; Sonhos Campesinos<br \/>\nRui Biriva e Ga\u00facho da Fronteira &#8211; Recuerdos da Vinte e Oito<\/p>\n<p><strong><a title=\"Sarandeio\" href=\"https:\/\/aprendizdomundo.com\/portal\/radio\/programas\/sarandeio\/\">Sarandeio<\/a><\/strong> \u00e9 um programa dedicado \u00e0 m\u00fasica ga\u00facha, especialmente a vertente fandangueira. Re\u00fane can\u00e7\u00f5es de int\u00e9rpretes e grupos do Rio Grande do Sul e, tamb\u00e9m, artistas de outros estados que igualmente produzem m\u00fasica fandangueira.<\/p>\n<p>A atra\u00e7\u00e3o vai ao ar pela <strong>Universidade AM<\/strong>, todos os dias, na faixa das 05h00 \u00e0s 07h00. A pesquisa, produ\u00e7\u00e3o, sele\u00e7\u00e3o de repert\u00f3rio e edi\u00e7\u00e3o \u00e9 de <strong><a title=\"Milton Oliveira\" target=\"_blank\" rel=\"noopener\" href=\"https:\/\/aprendizdomundo.com\/miltonoliveira\">Milton Oliveira<\/a><\/strong>.<\/p>\n<p>O programa pode ser ouvido pelos <strong>800 AM<\/strong>, pelo <strong><a title=\"R\u00e1dio Universidade AM\" href=\"https:\/\/www.ufsm.br\/radio\" target=\"_blank\" rel=\"noopener\">site da emissora<\/a><\/strong> ou pelo smartphone, acessando seu aplicativo favorito.<\/p>\n","protected":false},"excerpt":{"rendered":"<p>Acompanhe a audi\u00e7\u00e3o 2890 do Sarandeio na pr\u00f3xima madrugada, a partir das 05h00, pela R\u00e1dio Universidade AM. A sele\u00e7\u00e3o musical vai destacar&#8230; Grupo Maleva &#8211; Louca de Buena Rodrigo Lucena &#8211; Aconchego dos Gaud\u00e9rios Os Caudilhos &#8211; Grudado Num Vaner\u00e3o Zezinho Furquim &#8211; O Toque do Seu Furquim Grupo Rodeio &#8211; Cidade Cora\u00e7\u00e3o Ases do [&#8230;] <\/p>\n<p class=\"more-link-container\"><a href=\"https:\/\/aprendizdomundo.com\/portal\/2025\/03\/21\/sarandeio2890\/\" class=\"more-link\">Read More<span class=\"screen-reader-text\"> &#8220;Sarandeio no amanhecer da Universidade AM, 22\/03&#8221;<\/span><\/a><\/p>\n","protected":false},"author":1,"featured_media":45532,"comment_status":"closed","ping_status":"closed","sticky":false,"template":"","format":"standard","meta":{"_eb_attr":"","footnotes":""},"categories":[22],"tags":[51],"class_list":["post-45715","post","type-post","status-publish","format-standard","has-post-thumbnail","hentry","category-sarandeio","tag-sarandeio"],"nelio_content":{"autoShareEndMode":"never","automationSources":{"useCustomSentences":false,"customSentences":[]},"efiAlt":"","efiUrl":"","followers":[1],"highlights":[],"isAutoShareEnabled":true,"networkImageIds":[],"permalinkQueryArgs":[],"series":[],"suggestedReferences":[]},"_links":{"self":[{"href":"https:\/\/aprendizdomundo.com\/portal\/wp-json\/wp\/v2\/posts\/45715","targetHints":{"allow":["GET"]}}],"collection":[{"href":"https:\/\/aprendizdomundo.com\/portal\/wp-json\/wp\/v2\/posts"}],"about":[{"href":"https:\/\/aprendizdomundo.com\/portal\/wp-json\/wp\/v2\/types\/post"}],"author":[{"embeddable":true,"href":"https:\/\/aprendizdomundo.com\/portal\/wp-json\/wp\/v2\/users\/1"}],"replies":[{"embeddable":true,"href":"https:\/\/aprendizdomundo.com\/portal\/wp-json\/wp\/v2\/comments?post=45715"}],"version-history":[{"count":1,"href":"https:\/\/aprendizdomundo.com\/portal\/wp-json\/wp\/v2\/posts\/45715\/revisions"}],"predecessor-version":[{"id":45716,"href":"https:\/\/aprendizdomundo.com\/portal\/wp-json\/wp\/v2\/posts\/45715\/revisions\/45716"}],"wp:featuredmedia":[{"embeddable":true,"href":"https:\/\/aprendizdomundo.com\/portal\/wp-json\/wp\/v2\/media\/45532"}],"wp:attachment":[{"href":"https:\/\/aprendizdomundo.com\/portal\/wp-json\/wp\/v2\/media?parent=45715"}],"wp:term":[{"taxonomy":"category","embeddable":true,"href":"https:\/\/aprendizdomundo.com\/portal\/wp-json\/wp\/v2\/categories?post=45715"},{"taxonomy":"post_tag","embeddable":true,"href":"https:\/\/aprendizdomundo.com\/portal\/wp-json\/wp\/v2\/tags?post=45715"}],"curies":[{"name":"wp","href":"https:\/\/api.w.org\/{rel}","templated":true}]}}