{"id":46033,"date":"2025-04-28T06:00:50","date_gmt":"2025-04-28T09:00:50","guid":{"rendered":"https:\/\/aprendizdomundo.com\/portal\/?p=46033"},"modified":"2025-04-01T19:43:26","modified_gmt":"2025-04-01T22:43:26","slug":"atracaonacional1778","status":"publish","type":"post","link":"https:\/\/aprendizdomundo.com\/portal\/2025\/04\/28\/atracaonacional1778\/","title":{"rendered":"Natascha Falc\u00e3o na Universidade AM nesta segunda, 28\/04"},"content":{"rendered":"<p>Acompanhe o <strong>Atra\u00e7\u00e3o Nacional<\/strong> de hoje, a partir das <strong>20h00<\/strong>, na programa\u00e7\u00e3o da <strong><a title=\"R\u00e1dio Universidade AM\" href=\"https:\/\/www.ufsm.br\/radio\" target=\"_blank\" rel=\"noopener\">R\u00e1dio Universidade AM<\/a><\/strong>.<\/p>\n<p><img fetchpriority=\"high\" decoding=\"async\" title=\"Natascha Falc\u00e3o\" class=\"alignleft\" src=\"https:\/\/aprendizdomundo.com\/imagens2\/at_nataschafalcao.jpg\" alt=\"Natascha Falc\u00e3o\" width=\"320\" height=\"320\" \/>A audi\u00e7\u00e3o desta noite destaca mais um nome do nosso elenco, tocando a obra gravada da cantora <strong>Natascha Falc\u00e3o<\/strong>. A compositora, cantora e atriz Natascha Falc\u00e3o Pinheiro nasceu a 9 de outubro de 1987, em Belo Jardim, no interior de Pernambuco. Artisticamente, Natascha Falc\u00e3o. Em 2012, concluiu a gradua\u00e7\u00e3o em Jornalismo. No ano seguinte, transferiu-se para o Rio de Janeiro, onde cursou Dan\u00e7a. Come\u00e7ou a carreira profissional como vocalista da banda carioca Pirarucu Psicod\u00e9lico. A estreia discogr\u00e1fica solo aconteceu em 2019, com o lan\u00e7amento do EP Kitch Completo. Nos anos de 2022 e 2023, integrou o elenco de cantoras do espet\u00e1culo Viva Gal. Seu primeiro \u00e1lbum, Ave Mulher, foi indicado em 2023 ao Grammy Latino, na categoria Revela\u00e7\u00e3o. Como atriz, deu vida \u00e0 personagem Carmen na telenovela global Vai na F\u00e9, em 2023. E no ano seguinte, regravou No Rancho Fundo (de Ary Barroso e Lamartine Babo), ao lado de Elba Ramalho, para a abertura da telenovela hom\u00f4nima, tamb\u00e9m exibida pela Rede Globo.<\/p>\n<p>A <strong>playlist<\/strong> que vamos ouvir \u00e9 a seguinte:<\/p>\n<p>Menino Bonito do Metr\u00f4<br \/>\nInsin\u00e1cia<br \/>\nAnjo Querubim<br \/>\nMe Usa<br \/>\nSeu Grito<br \/>\nAgora Estou Sofrendo<br \/>\nAve Mulher<br \/>\nMelhor Assim<br \/>\nMapa da Alegria<br \/>\nNo Rancho Fundo, em dueto com Elba Ramalho<br \/>\nBalada da Sibita Baleada<br \/>\nCoco Que eu Sei<br \/>\nA Vida \u00e9 um Carnaval<br \/>\nBanho de Flor<br \/>\nTimidez<br \/>\nSalto no Abismo<\/p>\n<p>O <strong>Atra\u00e7\u00e3o Nacional<\/strong> vai ao ar pela <strong>Universidade AM<\/strong>, de segunda a sexta, na faixa das 20h00 \u00e0s 21h00. A curadoria de elenco, dire\u00e7\u00e3o, pesquisa, produ\u00e7\u00e3o, sele\u00e7\u00e3o de repert\u00f3rio, reda\u00e7\u00e3o de texto, apresenta\u00e7\u00e3o e edi\u00e7\u00e3o \u00e9 de <strong><a title=\"Milton Oliveira\" target=\"_blank\" rel=\"noopener\" href=\"https:\/\/aprendizdomundo.com\/miltonoliveira\">Milton Oliveira<\/a><\/strong>.<\/p>\n<p>O programa pode ser ouvido pelos <strong>800 AM<\/strong>; pela home page da emissora, em <strong><a title=\"R\u00e1dio Universidade AM\" href=\"https:\/\/www.ufsm.br\/radio\" target=\"_blank\" rel=\"noopener\">ufsm.br\/radio<\/a><\/strong>; ou pelo smartphone, acessando seu aplicativo favorito.<\/p>\n<p>O <strong>Atra\u00e7\u00e3o Nacional<\/strong> tamb\u00e9m \u00e9 veiculado pela <strong><a title=\"R\u00e1dio Uni FM\" href=\"https:\/\/www.ufsm.br\/radio\" target=\"_blank\" rel=\"noopener\">Uni FM 107.9<\/a><\/strong>, de segunda a sexta, na faixa das 22h00 \u00e0s 23h00; pela <strong><a title=\"Resonance R\u00e1dio\" href=\"http:\/\/www.resonanceradio.com.br\/\" target=\"_blank\" rel=\"noopener\">Resonance R\u00e1dio<\/a><\/strong>, todo domingo, na faixa das 18h00 \u00e0s 19h00; e pela <strong><a title=\"R\u00e1dio Bloco\" href=\"http:\/\/www.radiobloco.net\/\" target=\"_blank\" rel=\"noopener\">R\u00e1dio Bloco<\/a><\/strong>, toda ter\u00e7a, na faixa das 17h00 \u00e0s 18h00. As audi\u00e7\u00f5es n\u00e3o s\u00e3o vinculadas, os destaques s\u00e3o sempre diferentes em cada emissora.<\/p>\n<p>Curta a fanpage do nosso programa em <strong><strong><a href=\"http:\/\/www.facebook.com\/atracaonacional\" target=\"_blank\" rel=\"noopener\" title=\"Atra\u00e7\u00e3o Nacional no Facebook\">facebook.com\/atracaonacional<\/a><\/strong><\/strong>.<\/p>\n","protected":false},"excerpt":{"rendered":"<p>Acompanhe o Atra\u00e7\u00e3o Nacional de hoje, a partir das 20h00, na programa\u00e7\u00e3o da R\u00e1dio Universidade AM. A audi\u00e7\u00e3o desta noite destaca mais um nome do nosso elenco, tocando a obra gravada da cantora Natascha Falc\u00e3o. A compositora, cantora e atriz Natascha Falc\u00e3o Pinheiro nasceu a 9 de outubro de 1987, em Belo Jardim, no interior [&#8230;] <\/p>\n<p class=\"more-link-container\"><a href=\"https:\/\/aprendizdomundo.com\/portal\/2025\/04\/28\/atracaonacional1778\/\" class=\"more-link\">Read More<span class=\"screen-reader-text\"> &#8220;Natascha Falc\u00e3o na Universidade AM nesta segunda, 28\/04&#8221;<\/span><\/a><\/p>\n","protected":false},"author":1,"featured_media":45542,"comment_status":"closed","ping_status":"closed","sticky":false,"template":"","format":"standard","meta":{"_eb_attr":"","footnotes":""},"categories":[4],"tags":[49],"class_list":["post-46033","post","type-post","status-publish","format-standard","has-post-thumbnail","hentry","category-atracao","tag-musica-do-brasil"],"nelio_content":{"autoShareEndMode":"never","automationSources":{"useCustomSentences":false,"customSentences":[]},"efiAlt":"","efiUrl":"","followers":[1],"highlights":[],"isAutoShareEnabled":true,"networkImageIds":[],"permalinkQueryArgs":[],"series":[],"suggestedReferences":[]},"_links":{"self":[{"href":"https:\/\/aprendizdomundo.com\/portal\/wp-json\/wp\/v2\/posts\/46033","targetHints":{"allow":["GET"]}}],"collection":[{"href":"https:\/\/aprendizdomundo.com\/portal\/wp-json\/wp\/v2\/posts"}],"about":[{"href":"https:\/\/aprendizdomundo.com\/portal\/wp-json\/wp\/v2\/types\/post"}],"author":[{"embeddable":true,"href":"https:\/\/aprendizdomundo.com\/portal\/wp-json\/wp\/v2\/users\/1"}],"replies":[{"embeddable":true,"href":"https:\/\/aprendizdomundo.com\/portal\/wp-json\/wp\/v2\/comments?post=46033"}],"version-history":[{"count":1,"href":"https:\/\/aprendizdomundo.com\/portal\/wp-json\/wp\/v2\/posts\/46033\/revisions"}],"predecessor-version":[{"id":46034,"href":"https:\/\/aprendizdomundo.com\/portal\/wp-json\/wp\/v2\/posts\/46033\/revisions\/46034"}],"wp:featuredmedia":[{"embeddable":true,"href":"https:\/\/aprendizdomundo.com\/portal\/wp-json\/wp\/v2\/media\/45542"}],"wp:attachment":[{"href":"https:\/\/aprendizdomundo.com\/portal\/wp-json\/wp\/v2\/media?parent=46033"}],"wp:term":[{"taxonomy":"category","embeddable":true,"href":"https:\/\/aprendizdomundo.com\/portal\/wp-json\/wp\/v2\/categories?post=46033"},{"taxonomy":"post_tag","embeddable":true,"href":"https:\/\/aprendizdomundo.com\/portal\/wp-json\/wp\/v2\/tags?post=46033"}],"curies":[{"name":"wp","href":"https:\/\/api.w.org\/{rel}","templated":true}]}}