{"id":46062,"date":"2025-04-22T07:00:41","date_gmt":"2025-04-22T10:00:41","guid":{"rendered":"https:\/\/aprendizdomundo.com\/portal\/?p=46062"},"modified":"2025-04-02T08:58:13","modified_gmt":"2025-04-02T11:58:13","slug":"atracaonacionalnaunifm1669","status":"publish","type":"post","link":"https:\/\/aprendizdomundo.com\/portal\/2025\/04\/22\/atracaonacionalnaunifm1669\/","title":{"rendered":"Wagner Luther na Uni FM nesta ter\u00e7a, 22\/04"},"content":{"rendered":"<p>Acompanhe o <strong>Atra\u00e7\u00e3o Nacional<\/strong> de hoje, a partir das <strong>22h00<\/strong>, pela <strong><a title=\"R\u00e1dio Uni FM\" href=\"https:\/\/www.ufsm.br\/radio\" target=\"_blank\" rel=\"noopener\">R\u00e1dio Uni FM<\/a><\/strong>.<\/p>\n<p><img fetchpriority=\"high\" decoding=\"async\" title=\"Wagner Luther\" class=\"alignleft\" src=\"https:\/\/aprendizdomundo.com\/imagens2\/at_wagnerluther.jpg\" alt=\"Wagner Luther\" width=\"320\" height=\"320\" \/>A audi\u00e7\u00e3o desta noite destaca mais um nome do nosso elenco, tocando a obra gravada do cantor <strong>Wagner Luther<\/strong>. O compositor e cantor Wagner Luther \u00e9 natural de Boa Vista, capital de Roraima. Come\u00e7ou a trajet\u00f3ria musical ainda na inf\u00e2ncia, influenciado pelos discos de Roberta Miranda escutados pela m\u00e3e, movimentos culturais estabelecidos na cidade, como o Roraimeira, e a m\u00fasica latino-americana que chegava pelo r\u00e1dio e pelos imigrantes do pa\u00eds vizinho, a Venezuela. Cursou escola de m\u00fasica na inf\u00e2ncia e participou de uma banda de baile chamada Luna, at\u00e9 iniciar carreira solo em 2014. A estreia discogr\u00e1fica aconteceu em 2014, com o lan\u00e7amento do single Voc\u00ea \u00e9 Tudo. No ano seguinte veio o EP Luther. Desde 2018, vive em S\u00e3o Paulo.<\/p>\n<p>A <strong>playlist<\/strong> que vamos ouvir \u00e9 a seguinte:<\/p>\n<p>Bate Forte, com participa\u00e7\u00e3o de Carrapicho, na vers\u00e3o pop rock<br \/>\nEu Duvido<br \/>\nLabirinto<br \/>\nVoc\u00ea, Eu, Tudo<br \/>\nReenvolver<br \/>\nSeguir, em dueto com Bubiz Barros<br \/>\nOlhar Homicida<br \/>\nNa Minha<br \/>\nNosso Relacionamento<br \/>\nA Primeira Festa, em dueto com Neuber Uchoa, na vers\u00e3o est\u00fadio ao vivo<br \/>\nQuerendo<br \/>\nDespedida, em dueto com Fabricio Cromwell<br \/>\nSaudade<br \/>\nVoc\u00ea Que Luther<br \/>\nBate Forte, com participa\u00e7\u00e3o de Carrapicho<br \/>\nEu Duvido, em dueto com Piettro, na vers\u00e3o Live Sessions 1.0<br \/>\nLabirinto, em vers\u00e3o remix<br \/>\nSeguir<\/p>\n<p>O <strong>Atra\u00e7\u00e3o Nacional<\/strong> vai ao ar pela <strong>Uni FM<\/strong>, de segunda a sexta, na faixa das 22h00 \u00e0s 23h00. A curadoria de elenco, dire\u00e7\u00e3o, pesquisa, produ\u00e7\u00e3o, sele\u00e7\u00e3o de repert\u00f3rio, reda\u00e7\u00e3o de texto, apresenta\u00e7\u00e3o e edi\u00e7\u00e3o \u00e9 de <strong><a title=\"Milton Oliveira\" target=\"_blank\" rel=\"noopener\" href=\"https:\/\/aprendizdomundo.com\/miltonoliveira\">Milton Oliveira<\/a><\/strong>.<\/p>\n<p>O programa pode ser ouvido pelos <strong>107.9 FM<\/strong>; pela home page da emissora, em <strong><a title=\"R\u00e1dio Uni FM\" href=\"https:\/\/www.ufsm.br\/radio\" target=\"_blank\" rel=\"noopener\">ufsm.br\/radio<\/a><\/strong>; ou pelo smartphone, acessando seu aplicativo favorito.<\/p>\n<p>O <strong>Atra\u00e7\u00e3o Nacional<\/strong> tamb\u00e9m \u00e9 veiculado pela <strong><a title=\"R\u00e1dio Universidade AM\" href=\"https:\/\/www.ufsm.br\/radio\" target=\"_blank\" rel=\"noopener\">Universidade 800 AM<\/a><\/strong>, de segunda a sexta, na faixa das 20h00 \u00e0s 21h00; pela <strong><a title=\"Resonance R\u00e1dio\" href=\"http:\/\/www.resonanceradio.com.br\/\" target=\"_blank\" rel=\"noopener\">Resonance R\u00e1dio<\/a><\/strong>, todo domingo, na faixa das 18h00 \u00e0s 19h00; e pela <strong><a title=\"R\u00e1dio Bloco\" href=\"http:\/\/www.radiobloco.net\/\" target=\"_blank\" rel=\"noopener\">R\u00e1dio Bloco<\/a><\/strong>, toda ter\u00e7a, na faixa das 17h00 \u00e0s 18h00. As audi\u00e7\u00f5es n\u00e3o s\u00e3o vinculadas, os destaques s\u00e3o sempre diferentes em cada emissora.<\/p>\n<p>Curta a fanpage do nosso programa em <strong><strong><a href=\"http:\/\/www.facebook.com\/atracaonacional\" target=\"_blank\" rel=\"noopener\" title=\"Atra\u00e7\u00e3o Nacional no Facebook\">facebook.com\/atracaonacional<\/a><\/strong><\/strong>.<\/p>\n","protected":false},"excerpt":{"rendered":"<p>Acompanhe o Atra\u00e7\u00e3o Nacional de hoje, a partir das 22h00, pela R\u00e1dio Uni FM. A audi\u00e7\u00e3o desta noite destaca mais um nome do nosso elenco, tocando a obra gravada do cantor Wagner Luther. O compositor e cantor Wagner Luther \u00e9 natural de Boa Vista, capital de Roraima. Come\u00e7ou a trajet\u00f3ria musical ainda na inf\u00e2ncia, influenciado [&#8230;] <\/p>\n<p class=\"more-link-container\"><a href=\"https:\/\/aprendizdomundo.com\/portal\/2025\/04\/22\/atracaonacionalnaunifm1669\/\" class=\"more-link\">Read More<span class=\"screen-reader-text\"> &#8220;Wagner Luther na Uni FM nesta ter\u00e7a, 22\/04&#8221;<\/span><\/a><\/p>\n","protected":false},"author":1,"featured_media":45542,"comment_status":"closed","ping_status":"closed","sticky":false,"template":"","format":"standard","meta":{"_eb_attr":"","footnotes":""},"categories":[4],"tags":[49],"class_list":["post-46062","post","type-post","status-publish","format-standard","has-post-thumbnail","hentry","category-atracao","tag-musica-do-brasil"],"nelio_content":{"autoShareEndMode":"never","automationSources":{"useCustomSentences":false,"customSentences":[]},"efiAlt":"","efiUrl":"","followers":[1],"highlights":[],"isAutoShareEnabled":true,"networkImageIds":[],"permalinkQueryArgs":[],"series":[],"suggestedReferences":[]},"_links":{"self":[{"href":"https:\/\/aprendizdomundo.com\/portal\/wp-json\/wp\/v2\/posts\/46062","targetHints":{"allow":["GET"]}}],"collection":[{"href":"https:\/\/aprendizdomundo.com\/portal\/wp-json\/wp\/v2\/posts"}],"about":[{"href":"https:\/\/aprendizdomundo.com\/portal\/wp-json\/wp\/v2\/types\/post"}],"author":[{"embeddable":true,"href":"https:\/\/aprendizdomundo.com\/portal\/wp-json\/wp\/v2\/users\/1"}],"replies":[{"embeddable":true,"href":"https:\/\/aprendizdomundo.com\/portal\/wp-json\/wp\/v2\/comments?post=46062"}],"version-history":[{"count":1,"href":"https:\/\/aprendizdomundo.com\/portal\/wp-json\/wp\/v2\/posts\/46062\/revisions"}],"predecessor-version":[{"id":46063,"href":"https:\/\/aprendizdomundo.com\/portal\/wp-json\/wp\/v2\/posts\/46062\/revisions\/46063"}],"wp:featuredmedia":[{"embeddable":true,"href":"https:\/\/aprendizdomundo.com\/portal\/wp-json\/wp\/v2\/media\/45542"}],"wp:attachment":[{"href":"https:\/\/aprendizdomundo.com\/portal\/wp-json\/wp\/v2\/media?parent=46062"}],"wp:term":[{"taxonomy":"category","embeddable":true,"href":"https:\/\/aprendizdomundo.com\/portal\/wp-json\/wp\/v2\/categories?post=46062"},{"taxonomy":"post_tag","embeddable":true,"href":"https:\/\/aprendizdomundo.com\/portal\/wp-json\/wp\/v2\/tags?post=46062"}],"curies":[{"name":"wp","href":"https:\/\/api.w.org\/{rel}","templated":true}]}}