{"id":46379,"date":"2025-05-27T07:00:02","date_gmt":"2025-05-27T10:00:02","guid":{"rendered":"https:\/\/aprendizdomundo.com\/portal\/?p=46379"},"modified":"2025-05-27T10:31:33","modified_gmt":"2025-05-27T13:31:33","slug":"atracaonacionalnaunifm1694","status":"publish","type":"post","link":"https:\/\/aprendizdomundo.com\/portal\/2025\/05\/27\/atracaonacionalnaunifm1694\/","title":{"rendered":"Patricia Mellodi na Uni FM nesta ter\u00e7a, 27\/05"},"content":{"rendered":"<p>Acompanhe o <strong>Atra\u00e7\u00e3o Nacional<\/strong> de hoje, a partir das <strong>22h00<\/strong>, pela <strong><a title=\"R\u00e1dio Uni FM\" href=\"https:\/\/www.ufsm.br\/radio\" target=\"_blank\" rel=\"noopener\">R\u00e1dio Uni FM<\/a><\/strong>.<\/p>\n<p><img fetchpriority=\"high\" decoding=\"async\" title=\"Patricia Mellodi\" class=\"alignleft\" src=\"https:\/\/aprendizdomundo.com\/imagens2\/at_patriciamellodi.jpg\" alt=\"Patricia Mellodi\" width=\"320\" height=\"320\" \/>A audi\u00e7\u00e3o desta noite destaca mais um nome do nosso elenco, tocando a obra gravada da cantora <strong>Patricia Mellodi<\/strong>. A compositora, cantora e escritora Ana Patricia Oliveira Melo, conhecida artisticamente como Patricia Mellodi, nasceu a 24 de agosto de 1972, em Teresina, capital do Piau\u00ed. Bastante jovem, estudou canto e viol\u00e3o. Subiu aos palcos aos 16 anos. Mais tarde se transferiu para o Rio de Janeiro, onde integrou a banda Blitz por um curto per\u00edodo. A estreia discogr\u00e1fica aconteceu em 2001, com o lan\u00e7amento do \u00e1lbum Patr\u00edcia Mello. \u00c0 \u00e9poca, era seu nome art\u00edstico.<\/p>\n<p>A <strong>playlist<\/strong> que vamos ouvir \u00e9 a seguinte:<\/p>\n<p>Dois Deuses e Eu<br \/>\nManiac, em dueto com Michael Sembello<br \/>\nPaix\u00e3o Bipolar<br \/>\nParalelas, em vers\u00e3o ao vivo<br \/>\nVontade, em dueto com Jorge Salom\u00e3o<br \/>\nO Dia da Saudade<br \/>\nAntes de Voc\u00ea, em dueto com Elcio C\u00e1faro<br \/>\nMist\u00e9rios<br \/>\nDaquele Jeito, em dueto com Elcio C\u00e1faro<br \/>\nEm Cima do Muro<br \/>\nM\u00faltiplo Amor, em dueto com Zeca Baleiro<br \/>\nFacada, em dueto com Clara Mello<br \/>\nCarnaval do Amor, em dueto com Dinho Athayde e Maria Ol\u00edvia<br \/>\nPra Embalar<br \/>\nTardes, em vers\u00e3o ao vivo<br \/>\nEntra e Sai de Amor, em dueto com Marcelo Miranda<\/p>\n<p>O <strong>Atra\u00e7\u00e3o Nacional<\/strong> vai ao ar pela <strong>Uni FM<\/strong>, de segunda a sexta, na faixa das 22h00 \u00e0s 23h00. A curadoria de elenco, dire\u00e7\u00e3o, pesquisa, produ\u00e7\u00e3o, sele\u00e7\u00e3o de repert\u00f3rio, reda\u00e7\u00e3o de texto, apresenta\u00e7\u00e3o e edi\u00e7\u00e3o \u00e9 de <strong><a title=\"Milton Oliveira\" target=\"_blank\" rel=\"noopener\" href=\"https:\/\/aprendizdomundo.com\/miltonoliveira\">Milton Oliveira<\/a><\/strong>.<\/p>\n<p>O programa pode ser ouvido pelos <strong>107.9 FM<\/strong>; pela home page da emissora, em <strong><a title=\"R\u00e1dio Uni FM\" href=\"https:\/\/www.ufsm.br\/radio\" target=\"_blank\" rel=\"noopener\">ufsm.br\/radio<\/a><\/strong>; ou pelo smartphone, acessando seu aplicativo favorito.<\/p>\n<p>O <strong>Atra\u00e7\u00e3o Nacional<\/strong> tamb\u00e9m \u00e9 veiculado pela <strong><a title=\"R\u00e1dio Universidade AM\" href=\"https:\/\/www.ufsm.br\/radio\" target=\"_blank\" rel=\"noopener\">Universidade 800 AM<\/a><\/strong>, de segunda a sexta, na faixa das 20h00 \u00e0s 21h00; pela <strong><a title=\"Resonance R\u00e1dio\" href=\"http:\/\/www.resonanceradio.com.br\/\" target=\"_blank\" rel=\"noopener\">Resonance R\u00e1dio<\/a><\/strong>, todo domingo, na faixa das 18h00 \u00e0s 19h00; e pela <strong><a title=\"R\u00e1dio Bloco\" href=\"http:\/\/www.radiobloco.net\/\" target=\"_blank\" rel=\"noopener\">R\u00e1dio Bloco<\/a><\/strong>, toda ter\u00e7a, na faixa das 17h00 \u00e0s 18h00. As audi\u00e7\u00f5es n\u00e3o s\u00e3o vinculadas, os destaques s\u00e3o sempre diferentes em cada emissora.<\/p>\n<p>Curta a fanpage do nosso programa em <strong><strong><a href=\"http:\/\/www.facebook.com\/atracaonacional\" target=\"_blank\" rel=\"noopener\" title=\"Atra\u00e7\u00e3o Nacional no Facebook\">facebook.com\/atracaonacional<\/a><\/strong><\/strong>.<\/p>\n","protected":false},"excerpt":{"rendered":"<p>Acompanhe o Atra\u00e7\u00e3o Nacional de hoje, a partir das 22h00, pela R\u00e1dio Uni FM. A audi\u00e7\u00e3o desta noite destaca mais um nome do nosso elenco, tocando a obra gravada da cantora Patricia Mellodi. A compositora, cantora e escritora Ana Patricia Oliveira Melo, conhecida artisticamente como Patricia Mellodi, nasceu a 24 de agosto de 1972, em [&#8230;] <\/p>\n<p class=\"more-link-container\"><a href=\"https:\/\/aprendizdomundo.com\/portal\/2025\/05\/27\/atracaonacionalnaunifm1694\/\" class=\"more-link\">Read More<span class=\"screen-reader-text\"> &#8220;Patricia Mellodi na Uni FM nesta ter\u00e7a, 27\/05&#8221;<\/span><\/a><\/p>\n","protected":false},"author":1,"featured_media":45542,"comment_status":"closed","ping_status":"closed","sticky":false,"template":"","format":"standard","meta":{"_eb_attr":"","footnotes":""},"categories":[4],"tags":[49],"class_list":["post-46379","post","type-post","status-publish","format-standard","has-post-thumbnail","hentry","category-atracao","tag-musica-do-brasil"],"nelio_content":{"autoShareEndMode":"never","automationSources":{"useCustomSentences":false,"customSentences":[]},"efiAlt":"","efiUrl":"","followers":[1],"highlights":[],"isAutoShareEnabled":true,"networkImageIds":[],"permalinkQueryArgs":[],"series":[],"suggestedReferences":[]},"_links":{"self":[{"href":"https:\/\/aprendizdomundo.com\/portal\/wp-json\/wp\/v2\/posts\/46379","targetHints":{"allow":["GET"]}}],"collection":[{"href":"https:\/\/aprendizdomundo.com\/portal\/wp-json\/wp\/v2\/posts"}],"about":[{"href":"https:\/\/aprendizdomundo.com\/portal\/wp-json\/wp\/v2\/types\/post"}],"author":[{"embeddable":true,"href":"https:\/\/aprendizdomundo.com\/portal\/wp-json\/wp\/v2\/users\/1"}],"replies":[{"embeddable":true,"href":"https:\/\/aprendizdomundo.com\/portal\/wp-json\/wp\/v2\/comments?post=46379"}],"version-history":[{"count":1,"href":"https:\/\/aprendizdomundo.com\/portal\/wp-json\/wp\/v2\/posts\/46379\/revisions"}],"predecessor-version":[{"id":46380,"href":"https:\/\/aprendizdomundo.com\/portal\/wp-json\/wp\/v2\/posts\/46379\/revisions\/46380"}],"wp:featuredmedia":[{"embeddable":true,"href":"https:\/\/aprendizdomundo.com\/portal\/wp-json\/wp\/v2\/media\/45542"}],"wp:attachment":[{"href":"https:\/\/aprendizdomundo.com\/portal\/wp-json\/wp\/v2\/media?parent=46379"}],"wp:term":[{"taxonomy":"category","embeddable":true,"href":"https:\/\/aprendizdomundo.com\/portal\/wp-json\/wp\/v2\/categories?post=46379"},{"taxonomy":"post_tag","embeddable":true,"href":"https:\/\/aprendizdomundo.com\/portal\/wp-json\/wp\/v2\/tags?post=46379"}],"curies":[{"name":"wp","href":"https:\/\/api.w.org\/{rel}","templated":true}]}}