{"id":46383,"date":"2025-05-27T04:00:36","date_gmt":"2025-05-27T07:00:36","guid":{"rendered":"https:\/\/aprendizdomundo.com\/portal\/?p=46383"},"modified":"2025-05-27T10:33:07","modified_gmt":"2025-05-27T13:33:07","slug":"atracaonacionalnabloco311","status":"publish","type":"post","link":"https:\/\/aprendizdomundo.com\/portal\/2025\/05\/27\/atracaonacionalnabloco311\/","title":{"rendered":"Lagum na Bloco nesta ter\u00e7a, 27\/05"},"content":{"rendered":"<p>Acompanhe o <strong>Atra\u00e7\u00e3o Nacional<\/strong> nesta ter\u00e7a, a partir das <strong>17h00<\/strong>, pela <strong><a title=\"R\u00e1dio Bloco\" href=\"http:\/\/www.radiobloco.net\/\" target=\"_blank\" rel=\"noopener\">R\u00e1dio Bloco<\/a><\/strong>. Uma produ\u00e7\u00e3o original da <strong><a title=\"R\u00e1dio Universidade AM\" href=\"https:\/\/www.ufsm.br\/radio\" target=\"_blank\" rel=\"noopener\">R\u00e1dio Universidade AM<\/a><\/strong>.<\/p>\n<p><img fetchpriority=\"high\" decoding=\"async\" title=\"Lagum\" class=\"alignleft\" src=\"https:\/\/aprendizdomundo.com\/imagens\/an_lagum.jpg\" alt=\"Lagum\" width=\"320\" height=\"320\" \/>A audi\u00e7\u00e3o desta semana destaca mais um programa da S\u00e9rie Musicalidade, tocando a obra gravada da banda <strong>Lagum<\/strong>. O grupo foi formado em 2014, na capital mineira, Belo Horizonte. Re\u00fane os m\u00fasicos Pedro Calais, Otavio Cardoso, Glauco Borges, Francisco Jardim e Breno Braga. A estreia em disco aconteceu em 2016, com o \u00e1lbum Seja o Que Eu Quiser.<\/p>\n<p>A <strong>playlist<\/strong> para esta tarde \u00e9 a seguinte:<\/p>\n<p>Chegou de Manso<br \/>\nMe Esquece<br \/>\nFifa<br \/>\nCaixa Postal, part. Anavit\u00f3ria<br \/>\nOlha Bela<br \/>\nDescobridor<br \/>\nDepois do Fim<br \/>\nVai Doer no Peito<br \/>\nOi<br \/>\nCoisa Boa<br \/>\nEu Te Amo<br \/>\nAndar Sozinho, part. J\u00e3o<br \/>\nOutro Algu\u00e9m<br \/>\nN\u00e3o Vou Falar de Amor<br \/>\nSobre Mim<br \/>\nFale Mais<br \/>\nVeja Baby<\/p>\n<p>O <strong>Atra\u00e7\u00e3o Nacional<\/strong> vai ao ar pela <strong>R\u00e1dio Bloco<\/strong>, toda ter\u00e7a, na faixa das 17h00 \u00e0s 18h00. A dire\u00e7\u00e3o, pesquisa, produ\u00e7\u00e3o, sele\u00e7\u00e3o de repert\u00f3rio, reda\u00e7\u00e3o de texto, apresenta\u00e7\u00e3o e edi\u00e7\u00e3o \u00e9 de <strong><a title=\"Milton Oliveira\" target=\"_blank\" rel=\"noopener\" href=\"https:\/\/aprendizdomundo.com\/miltonoliveira\">Milton Oliveira<\/a><\/strong>.<\/p>\n<p>O programa pode ser ouvido pela home page da emissora, em <strong><a title=\"R\u00e1dio Bloco\" href=\" http:\/\/www.radiobloco.net\/\" target=\"_blank\" rel=\"noopener\">www.radiobloco.net<\/a><\/strong>, ou pelo smartphone, acessando seu aplicativo favorito.<\/p>\n<p>O <strong>Atra\u00e7\u00e3o Nacional<\/strong> tamb\u00e9m \u00e9 veiculado pela <strong><a title=\"R\u00e1dio Universidade AM\" href=\"https:\/\/www.ufsm.br\/radio\" target=\"_blank\" rel=\"noopener\">Universidade 800 AM<\/a><\/strong>, de segunda a sexta, na faixa das 20h00 \u00e0s 21h00; pela <strong><a title=\"R\u00e1dio Uni FM\" href=\"https:\/\/www.ufsm.br\/radio\" target=\"_blank\" rel=\"noopener\">Uni FM 107.9<\/a><\/strong>, de segunda a sexta, na faixa das 22h00 \u00e0s 23h00; e pela <strong><a title=\"Resonance R\u00e1dio\" href=\"http:\/\/www.resonanceradio.com.br\/\" target=\"_blank\" rel=\"noopener\">Resonance R\u00e1dio<\/a><\/strong>, todo domingo, na faixa das 18h00 \u00e0s 19h00. As audi\u00e7\u00f5es n\u00e3o s\u00e3o vinculadas, os destaques s\u00e3o sempre diferentes em cada emissora.<\/p>\n<p>Curta a fanpage do nosso programa em <strong><strong><a href=\"http:\/\/www.facebook.com\/atracaonacional\" target=\"_blank\" rel=\"noopener\" title=\"Atra\u00e7\u00e3o Nacional no Facebook\">facebook.com\/atracaonacional<\/a><\/strong><\/strong>.<\/p>\n","protected":false},"excerpt":{"rendered":"<p>Acompanhe o Atra\u00e7\u00e3o Nacional nesta ter\u00e7a, a partir das 17h00, pela R\u00e1dio Bloco. Uma produ\u00e7\u00e3o original da R\u00e1dio Universidade AM. A audi\u00e7\u00e3o desta semana destaca mais um programa da S\u00e9rie Musicalidade, tocando a obra gravada da banda Lagum. O grupo foi formado em 2014, na capital mineira, Belo Horizonte. Re\u00fane os m\u00fasicos Pedro Calais, Otavio [&#8230;] <\/p>\n<p class=\"more-link-container\"><a href=\"https:\/\/aprendizdomundo.com\/portal\/2025\/05\/27\/atracaonacionalnabloco311\/\" class=\"more-link\">Read More<span class=\"screen-reader-text\"> &#8220;Lagum na Bloco nesta ter\u00e7a, 27\/05&#8221;<\/span><\/a><\/p>\n","protected":false},"author":1,"featured_media":45542,"comment_status":"closed","ping_status":"closed","sticky":false,"template":"","format":"standard","meta":{"_eb_attr":"","footnotes":""},"categories":[4],"tags":[49],"class_list":["post-46383","post","type-post","status-publish","format-standard","has-post-thumbnail","hentry","category-atracao","tag-musica-do-brasil"],"nelio_content":{"autoShareEndMode":"never","automationSources":{"useCustomSentences":false,"customSentences":[]},"efiAlt":"","efiUrl":"","followers":[1],"highlights":[],"isAutoShareEnabled":true,"networkImageIds":[],"permalinkQueryArgs":[],"series":[],"suggestedReferences":[]},"_links":{"self":[{"href":"https:\/\/aprendizdomundo.com\/portal\/wp-json\/wp\/v2\/posts\/46383","targetHints":{"allow":["GET"]}}],"collection":[{"href":"https:\/\/aprendizdomundo.com\/portal\/wp-json\/wp\/v2\/posts"}],"about":[{"href":"https:\/\/aprendizdomundo.com\/portal\/wp-json\/wp\/v2\/types\/post"}],"author":[{"embeddable":true,"href":"https:\/\/aprendizdomundo.com\/portal\/wp-json\/wp\/v2\/users\/1"}],"replies":[{"embeddable":true,"href":"https:\/\/aprendizdomundo.com\/portal\/wp-json\/wp\/v2\/comments?post=46383"}],"version-history":[{"count":1,"href":"https:\/\/aprendizdomundo.com\/portal\/wp-json\/wp\/v2\/posts\/46383\/revisions"}],"predecessor-version":[{"id":46384,"href":"https:\/\/aprendizdomundo.com\/portal\/wp-json\/wp\/v2\/posts\/46383\/revisions\/46384"}],"wp:featuredmedia":[{"embeddable":true,"href":"https:\/\/aprendizdomundo.com\/portal\/wp-json\/wp\/v2\/media\/45542"}],"wp:attachment":[{"href":"https:\/\/aprendizdomundo.com\/portal\/wp-json\/wp\/v2\/media?parent=46383"}],"wp:term":[{"taxonomy":"category","embeddable":true,"href":"https:\/\/aprendizdomundo.com\/portal\/wp-json\/wp\/v2\/categories?post=46383"},{"taxonomy":"post_tag","embeddable":true,"href":"https:\/\/aprendizdomundo.com\/portal\/wp-json\/wp\/v2\/tags?post=46383"}],"curies":[{"name":"wp","href":"https:\/\/api.w.org\/{rel}","templated":true}]}}