{"id":46459,"date":"2025-05-31T00:01:51","date_gmt":"2025-05-31T03:01:51","guid":{"rendered":"https:\/\/aprendizdomundo.com\/portal\/?p=46459"},"modified":"2025-05-27T17:54:27","modified_gmt":"2025-05-27T20:54:27","slug":"geracaobrasileira285","status":"publish","type":"post","link":"https:\/\/aprendizdomundo.com\/portal\/2025\/05\/31\/geracaobrasileira285\/","title":{"rendered":"Gera\u00e7\u00e3o Brasileira nos 800 AM neste s\u00e1bado, 31\/05"},"content":{"rendered":"<p><img fetchpriority=\"high\" decoding=\"async\" class=\"alignleft\" title=\"Gera\u00e7\u00e3o Brasileira\" src=\"https:\/\/aprendizdomundo.com\/imagens\/marca800_geracaobrasileira.png\" alt=\"Gera\u00e7\u00e3o Brasileira\" width=\"320\" height=\"320\" \/>Acompanhe o <strong>Gera\u00e7\u00e3o Brasileira<\/strong> neste s\u00e1bado, a partir das <strong>07h00<\/strong>, pela <strong>R\u00e1dio Universidade AM<\/strong>.<\/p>\n<p>A audi\u00e7\u00e3o desta semana re\u00fane o seguinte repert\u00f3rio:<\/p>\n<p>The Youngsters &#8211; Vem<br \/>\nEm\u00edlio Santiago &#8211; Ultima Forma<br \/>\nJorge Arag\u00e3o &#8211; Amigos e Amantes<br \/>\nNenhum de N\u00f3s &#8211; Jornais<br \/>\nBobby di Carlo &#8211; Amor de Brotinho<br \/>\nDhema &#8211; T\u00f4 Gamado Nela<br \/>\nJane e Herondy &#8211; Por Muitas Raz\u00f5es te Quero<br \/>\nAgep\u00ea &#8211; Me Leva<br \/>\nOs Cariocas &#8211; Tudo \u00e9 Bossa<br \/>\nNeguinho da Beija-flor &#8211; Canta Canta Minha Gente<br \/>\nBezerra da Silva &#8211; Medo de Virar Galeto<br \/>\nSempre Livre &#8211; Esse Seu Jeito Sexy de Ser<br \/>\nBebeto &#8211; Gabriela<br \/>\nIvete Sangalo &#8211; Deixa a Menina<br \/>\nDem\u00e9trius &#8211; As Voltas do Mundo<br \/>\nVitor Ramil &#8211; N\u00e3o \u00e9 C\u00e9u<br \/>\nNara Le\u00e3o e Maria Beth\u00e2nia &#8211; Minha Embaixada Chegou<br \/>\nGilliard e Harmony Cats &#8211; Eu Amo Amar Voc\u00ea<br \/>\nRPM &#8211; Flores Astrais, em vers\u00e3o ao vivo<br \/>\nAdriana Calcanhoto &#8211; Naquela Esta\u00e7\u00e3o<br \/>\nWanderl\u00e9a &#8211; Acho Que Vou Lhe Esquecer<br \/>\nLeci Brand\u00e3o &#8211; Ousadia do Olhar<br \/>\nYahoo! &#8211; Ora\u00e7\u00e3o da Vit\u00f3ria<br \/>\nElba Ramalho &#8211; Canta Cora\u00e7\u00e3o<br \/>\nBeth Carvalho &#8211; Um Amor em Cada Cora\u00e7\u00e3o<br \/>\nDjavan &#8211; Flor de Lis<br \/>\nOs Carbonos &#8211; A Pra\u00e7a<br \/>\nGuilherme Arantes &#8211; Xixi nas Estrelas<br \/>\nJohnny Alf &#8211; Samba do Retorno<br \/>\nOs Incr\u00edveis &#8211; O Vendedor de Bananas<br \/>\nF\u00e1bio Jr. &#8211; Foi Tao Bom<br \/>\n\u00c2ngela Ro Ro &#8211; Simples Carinho<br \/>\nBoca Livre &#8211; Ponta de Areia<\/p>\n<p><strong><a title=\"Gera\u00e7\u00e3o Brasileira\" href=\"https:\/\/aprendizdomundo.com\/portal\/radio\/programas\/geracao\/\">Gera\u00e7\u00e3o Brasileira<\/a><\/strong> \u00e9 um programa voltado \u00e0 execu\u00e7\u00e3o de can\u00e7\u00f5es brasileiras contempor\u00e2neas, reunindo sucessos das d\u00e9cadas de 1960 a 1990.<\/p>\n<p>A atra\u00e7\u00e3o vai ao ar pela <strong>Universidade AM<\/strong>, todo s\u00e1bado, na faixa das 07h00 \u00e0s 09h00. A pesquisa, produ\u00e7\u00e3o, sele\u00e7\u00e3o de repert\u00f3rio e edi\u00e7\u00e3o \u00e9 de <strong><a title=\"Milton Oliveira\" target=\"_blank\" rel=\"noopener\" href=\"https:\/\/aprendizdomundo.com\/miltonoliveira\">Milton Oliveira<\/a><\/strong>.<\/p>\n<p>O programa pode ser ouvido pelos <strong>800 AM<\/strong>, pelo <strong><a title=\"R\u00e1dio Universidade AM\" href=\"https:\/\/www.ufsm.br\/radio\" target=\"_blank\" rel=\"noopener\">site da emissora<\/a><\/strong> ou pelo smartphone, acessando seu aplicativo favorito.<\/p>\n","protected":false},"excerpt":{"rendered":"<p>Acompanhe o Gera\u00e7\u00e3o Brasileira neste s\u00e1bado, a partir das 07h00, pela R\u00e1dio Universidade AM. A audi\u00e7\u00e3o desta semana re\u00fane o seguinte repert\u00f3rio: The Youngsters &#8211; Vem Em\u00edlio Santiago &#8211; Ultima Forma Jorge Arag\u00e3o &#8211; Amigos e Amantes Nenhum de N\u00f3s &#8211; Jornais Bobby di Carlo &#8211; Amor de Brotinho Dhema &#8211; T\u00f4 Gamado Nela Jane [&#8230;] <\/p>\n<p class=\"more-link-container\"><a href=\"https:\/\/aprendizdomundo.com\/portal\/2025\/05\/31\/geracaobrasileira285\/\" class=\"more-link\">Read More<span class=\"screen-reader-text\"> &#8220;Gera\u00e7\u00e3o Brasileira nos 800 AM neste s\u00e1bado, 31\/05&#8221;<\/span><\/a><\/p>\n","protected":false},"author":1,"featured_media":45536,"comment_status":"closed","ping_status":"closed","sticky":false,"template":"","format":"standard","meta":{"_eb_attr":"","footnotes":""},"categories":[14],"tags":[32],"class_list":["post-46459","post","type-post","status-publish","format-standard","has-post-thumbnail","hentry","category-geracaobrasileira","tag-cancoes-do-brasil"],"nelio_content":{"autoShareEndMode":"never","automationSources":{"useCustomSentences":false,"customSentences":[]},"efiAlt":"","efiUrl":"","followers":[1],"highlights":[],"isAutoShareEnabled":true,"networkImageIds":[],"permalinkQueryArgs":[],"series":[],"suggestedReferences":[]},"_links":{"self":[{"href":"https:\/\/aprendizdomundo.com\/portal\/wp-json\/wp\/v2\/posts\/46459","targetHints":{"allow":["GET"]}}],"collection":[{"href":"https:\/\/aprendizdomundo.com\/portal\/wp-json\/wp\/v2\/posts"}],"about":[{"href":"https:\/\/aprendizdomundo.com\/portal\/wp-json\/wp\/v2\/types\/post"}],"author":[{"embeddable":true,"href":"https:\/\/aprendizdomundo.com\/portal\/wp-json\/wp\/v2\/users\/1"}],"replies":[{"embeddable":true,"href":"https:\/\/aprendizdomundo.com\/portal\/wp-json\/wp\/v2\/comments?post=46459"}],"version-history":[{"count":1,"href":"https:\/\/aprendizdomundo.com\/portal\/wp-json\/wp\/v2\/posts\/46459\/revisions"}],"predecessor-version":[{"id":46460,"href":"https:\/\/aprendizdomundo.com\/portal\/wp-json\/wp\/v2\/posts\/46459\/revisions\/46460"}],"wp:featuredmedia":[{"embeddable":true,"href":"https:\/\/aprendizdomundo.com\/portal\/wp-json\/wp\/v2\/media\/45536"}],"wp:attachment":[{"href":"https:\/\/aprendizdomundo.com\/portal\/wp-json\/wp\/v2\/media?parent=46459"}],"wp:term":[{"taxonomy":"category","embeddable":true,"href":"https:\/\/aprendizdomundo.com\/portal\/wp-json\/wp\/v2\/categories?post=46459"},{"taxonomy":"post_tag","embeddable":true,"href":"https:\/\/aprendizdomundo.com\/portal\/wp-json\/wp\/v2\/tags?post=46459"}],"curies":[{"name":"wp","href":"https:\/\/api.w.org\/{rel}","templated":true}]}}