{"id":46481,"date":"2025-05-30T19:00:52","date_gmt":"2025-05-30T22:00:52","guid":{"rendered":"https:\/\/aprendizdomundo.com\/portal\/?p=46481"},"modified":"2025-05-27T18:03:25","modified_gmt":"2025-05-27T21:03:25","slug":"sarandeio2961","status":"publish","type":"post","link":"https:\/\/aprendizdomundo.com\/portal\/2025\/05\/30\/sarandeio2961\/","title":{"rendered":"Sarandeio no amanhecer da Universidade AM, 31\/05"},"content":{"rendered":"<p><img fetchpriority=\"high\" decoding=\"async\" class=\"alignleft\" title=\"Sarandeio\" src=\"https:\/\/aprendizdomundo.com\/imagens\/sarandeio_d31.png\" alt=\"Sarandeio\" width=\"320\" height=\"320\" \/>Acompanhe o <strong>Sarandeio<\/strong> na pr\u00f3xima madrugada, a partir das <strong>05h00<\/strong>, pela <strong><a title=\"R\u00e1dio Universidade AM\" href=\"https:\/\/www.ufsm.br\/radio\" target=\"_blank\" rel=\"noopener\">R\u00e1dio Universidade AM<\/a><\/strong>.<\/p>\n<p>A sele\u00e7\u00e3o musical vai destacar&#8230;<\/p>\n<p>Tch\u00ea Barbaridade &#8211; Chegaram os Bombachudos<br \/>\nPiazitos do Fandango &#8211; Nos Acordes da Vaneira<br \/>\nBeto Mayer &#8211; Bem Querer<br \/>\nEdilberto B\u00e9rgamo &#8211; De Las Manos e Las Patas<br \/>\nGrupo Manga\u00e7o &#8211; Dia de Festa<br \/>\nElton Saldanha &#8211; Acolherados<br \/>\nOs Monarcas &#8211; A Gaita Ga\u00facha, na vers\u00e3o ao vivo<br \/>\nLuiz Marenco &#8211; Chamarrita de Galp\u00e3o<br \/>\nGrupo Chamamento &#8211; A Vanera do Brasil<br \/>\nLuiz dos Reis &#8211; Lembran\u00e7as<br \/>\nC\u00e1ssia Abreu &#8211; Alarmando os Gansos<br \/>\nOs Filhos do Rio Grande &#8211; Bailando no CTG<br \/>\nGrupo Quer\u00eancia Xucra &#8211; Baile Bueno<br \/>\nEco do Minuano e Bonitinho &#8211; Campe\u00e3o de Rodeio<br \/>\nVento Xucro &#8211; Bugio Farra Grande<br \/>\n\u00canio Medeiros &#8211; Caseriando<br \/>\nAdair de Freitas &#8211; Alma de Gaiteiro<br \/>\nOs Bertussi &#8211; Cavalo Preto<br \/>\nOswaldir &#038; Carlos Magr\u00e3o &#8211; A Trote<br \/>\nGilberto Monteiro &#8211; Alumiando as Ma\u00e7aneta<br \/>\nGrupo Reponte &#8211; Carneador de Tropa<br \/>\nGrupo Surunga\u00e7o &#8211; Ca no Fim do Mundo<br \/>\nOs Serranos &#8211; Madrugada<br \/>\nGrupo Jogo de Fole &#8211; \u00c9gua Emaconhada<br \/>\nIvan Taborda &#8211; Briga no Bolicho (causo)<br \/>\nGrupo Nativo Serrano &#8211; Gaita de Rio<br \/>\nNenito Sarturi e Grupo Manancial &#8211; Castra\u00e7\u00e3o a Pealo<br \/>\nGrupo Chamamento &#8211; Dia de Cambicho<br \/>\nOs 4 Gaud\u00e9rios &#8211; Na Muvuca da Neguinha<br \/>\nGrupo Rodeio &#8211; Distante do Pago<br \/>\nCristiano Quevedo &#8211; Batendo Asas<br \/>\nOs Milongueiros &#8211; Ala Fresca Tch\u00ea<br \/>\nPedro Orta\u00e7a &#8211; L\u00e1 no Baile dos Tr\u00eas N\u00f3<\/p>\n<p><strong><a title=\"Sarandeio\" href=\"https:\/\/aprendizdomundo.com\/portal\/radio\/programas\/sarandeio\/\">Sarandeio<\/a><\/strong> \u00e9 um programa dedicado \u00e0 m\u00fasica ga\u00facha, especialmente a vertente fandangueira. Re\u00fane can\u00e7\u00f5es de int\u00e9rpretes e grupos do Rio Grande do Sul e, tamb\u00e9m, artistas de outros estados que igualmente produzem m\u00fasica fandangueira.<\/p>\n<p>A atra\u00e7\u00e3o vai ao ar pela <strong>Universidade AM<\/strong>, todos os dias, na faixa das 05h00 \u00e0s 07h00. A pesquisa, produ\u00e7\u00e3o, sele\u00e7\u00e3o de repert\u00f3rio e edi\u00e7\u00e3o \u00e9 de <strong><a title=\"Milton Oliveira\" target=\"_blank\" rel=\"noopener\" href=\"https:\/\/aprendizdomundo.com\/miltonoliveira\">Milton Oliveira<\/a><\/strong>.<\/p>\n<p>O programa pode ser ouvido pelos <strong>800 AM<\/strong>, pelo <strong><a title=\"R\u00e1dio Universidade AM\" href=\"https:\/\/www.ufsm.br\/radio\" target=\"_blank\" rel=\"noopener\">site da emissora<\/a><\/strong> ou pelo smartphone, acessando seu aplicativo favorito.<\/p>\n","protected":false},"excerpt":{"rendered":"<p>Acompanhe o Sarandeio na pr\u00f3xima madrugada, a partir das 05h00, pela R\u00e1dio Universidade AM. A sele\u00e7\u00e3o musical vai destacar&#8230; Tch\u00ea Barbaridade &#8211; Chegaram os Bombachudos Piazitos do Fandango &#8211; Nos Acordes da Vaneira Beto Mayer &#8211; Bem Querer Edilberto B\u00e9rgamo &#8211; De Las Manos e Las Patas Grupo Manga\u00e7o &#8211; Dia de Festa Elton Saldanha [&#8230;] <\/p>\n<p class=\"more-link-container\"><a href=\"https:\/\/aprendizdomundo.com\/portal\/2025\/05\/30\/sarandeio2961\/\" class=\"more-link\">Read More<span class=\"screen-reader-text\"> &#8220;Sarandeio no amanhecer da Universidade AM, 31\/05&#8221;<\/span><\/a><\/p>\n","protected":false},"author":1,"featured_media":45532,"comment_status":"closed","ping_status":"closed","sticky":false,"template":"","format":"standard","meta":{"_eb_attr":"","footnotes":""},"categories":[22],"tags":[51],"class_list":["post-46481","post","type-post","status-publish","format-standard","has-post-thumbnail","hentry","category-sarandeio","tag-sarandeio"],"nelio_content":{"autoShareEndMode":"never","automationSources":{"useCustomSentences":false,"customSentences":[]},"efiAlt":"","efiUrl":"","followers":[1],"highlights":[],"isAutoShareEnabled":true,"networkImageIds":[],"permalinkQueryArgs":[],"series":[],"suggestedReferences":[]},"_links":{"self":[{"href":"https:\/\/aprendizdomundo.com\/portal\/wp-json\/wp\/v2\/posts\/46481","targetHints":{"allow":["GET"]}}],"collection":[{"href":"https:\/\/aprendizdomundo.com\/portal\/wp-json\/wp\/v2\/posts"}],"about":[{"href":"https:\/\/aprendizdomundo.com\/portal\/wp-json\/wp\/v2\/types\/post"}],"author":[{"embeddable":true,"href":"https:\/\/aprendizdomundo.com\/portal\/wp-json\/wp\/v2\/users\/1"}],"replies":[{"embeddable":true,"href":"https:\/\/aprendizdomundo.com\/portal\/wp-json\/wp\/v2\/comments?post=46481"}],"version-history":[{"count":1,"href":"https:\/\/aprendizdomundo.com\/portal\/wp-json\/wp\/v2\/posts\/46481\/revisions"}],"predecessor-version":[{"id":46482,"href":"https:\/\/aprendizdomundo.com\/portal\/wp-json\/wp\/v2\/posts\/46481\/revisions\/46482"}],"wp:featuredmedia":[{"embeddable":true,"href":"https:\/\/aprendizdomundo.com\/portal\/wp-json\/wp\/v2\/media\/45532"}],"wp:attachment":[{"href":"https:\/\/aprendizdomundo.com\/portal\/wp-json\/wp\/v2\/media?parent=46481"}],"wp:term":[{"taxonomy":"category","embeddable":true,"href":"https:\/\/aprendizdomundo.com\/portal\/wp-json\/wp\/v2\/categories?post=46481"},{"taxonomy":"post_tag","embeddable":true,"href":"https:\/\/aprendizdomundo.com\/portal\/wp-json\/wp\/v2\/tags?post=46481"}],"curies":[{"name":"wp","href":"https:\/\/api.w.org\/{rel}","templated":true}]}}