{"id":46529,"date":"2025-06-03T03:00:59","date_gmt":"2025-06-03T06:00:59","guid":{"rendered":"https:\/\/aprendizdomundo.com\/portal\/?p=46529"},"modified":"2025-05-28T17:32:32","modified_gmt":"2025-05-28T20:32:32","slug":"femina2089","status":"publish","type":"post","link":"https:\/\/aprendizdomundo.com\/portal\/2025\/06\/03\/femina2089\/","title":{"rendered":"Femina na programa\u00e7\u00e3o da Universidade AM, 03\/06"},"content":{"rendered":"<p><img fetchpriority=\"high\" decoding=\"async\" class=\"alignleft\" title=\"Femina\" src=\"https:\/\/aprendizdomundo.com\/imagens\/marca800_femina.png\" alt=\"Femina\" width=\"320\" height=\"320\" \/>Acompanhe o <strong>Femina<\/strong> de hoje, a partir das <strong>14h00<\/strong>, pela <strong><a title=\"R\u00e1dio Universidade AM\" href=\"https:\/\/www.ufsm.br\/radio\" target=\"_blank\" rel=\"noopener\">R\u00e1dio Universidade AM<\/a><\/strong>.<\/p>\n<p>A sele\u00e7\u00e3o musical programada \u00e9 a seguinte:<\/p>\n<p>B\u00e1rbara Marques &#8211; Meu Jeito de Viver<br \/>\nQuarteto em Cy &#8211; O Samba \u00e9 o Som<br \/>\nCl\u00e1udia Amorim &#8211; Meu Lado Esquerdo<br \/>\nSalo\u00e1 Farah &#8211; Raios da Manh\u00e3<br \/>\nKarynna Spinelli &#8211; Quatro Cantos<br \/>\nManu Gavassi &#8211; Planos Imposs\u00edveis<br \/>\nEllen Ol\u00e9ria &#8211; Nuvem Passageira<br \/>\nGl\u00e1ucia Nasser &#8211; O Come\u00e7o do Infinito<br \/>\nVirg\u00ednia Rosa &#8211; Amor de \u00cdndio<br \/>\nDorina &#8211; Chuva<br \/>\nNilze Carvalho &#8211; Samba ao Samba<br \/>\nLuana Liz &#8211; Apenas Lembran\u00e7as<br \/>\nMariana Magri &#8211; Giz<br \/>\nTete Esp\u00edndola &#8211; Amor de Gra\u00e7a<br \/>\nNega Jaci &#8211; Arrast\u00e3o<br \/>\nKarina Battis &#8211; Chuva ou L\u00e1grima<\/p>\n<p><strong><a title=\"Femina\" href=\"https:\/\/aprendizdomundo.com\/portal\/radio\/programas\/femina\/\">Femina<\/a><\/strong> \u00e9 um programa voltado \u00e0 execu\u00e7\u00e3o de cantoras brasileiras contempor\u00e2neas, reunindo grava\u00e7\u00f5es dos anos 1980 \u00e0 atualidade, dando aten\u00e7\u00e3o especial \u00e0s novas vozes da nossa m\u00fasica.<\/p>\n<p>A produ\u00e7\u00e3o vai ao ar pela <strong>Universidade AM<\/strong>, de segunda a sexta, na faixa das 14h00 \u00e0s 15h00. A pesquisa, produ\u00e7\u00e3o, sele\u00e7\u00e3o de repert\u00f3rio e edi\u00e7\u00e3o \u00e9 de <strong><a title=\"Milton Oliveira\" target=\"_blank\" rel=\"noopener\" href=\"https:\/\/aprendizdomundo.com\/miltonoliveira\">Milton Oliveira<\/a><\/strong>.<\/p>\n<p>O programa pode ser ouvido pelos <strong>800 AM<\/strong>, pelo <strong><a title=\"R\u00e1dio Universidade AM\" href=\"https:\/\/www.ufsm.br\/radio\" target=\"_blank\" rel=\"noopener\">site da emissora<\/a><\/strong> ou pelo smartphone, acessando seu aplicativo favorito.<\/p>\n","protected":false},"excerpt":{"rendered":"<p>Acompanhe o Femina de hoje, a partir das 14h00, pela R\u00e1dio Universidade AM. A sele\u00e7\u00e3o musical programada \u00e9 a seguinte: B\u00e1rbara Marques &#8211; Meu Jeito de Viver Quarteto em Cy &#8211; O Samba \u00e9 o Som Cl\u00e1udia Amorim &#8211; Meu Lado Esquerdo Salo\u00e1 Farah &#8211; Raios da Manh\u00e3 Karynna Spinelli &#8211; Quatro Cantos Manu Gavassi [&#8230;] <\/p>\n<p class=\"more-link-container\"><a href=\"https:\/\/aprendizdomundo.com\/portal\/2025\/06\/03\/femina2089\/\" class=\"more-link\">Read More<span class=\"screen-reader-text\"> &#8220;Femina na programa\u00e7\u00e3o da Universidade AM, 03\/06&#8221;<\/span><\/a><\/p>\n","protected":false},"author":1,"featured_media":45537,"comment_status":"closed","ping_status":"closed","sticky":false,"template":"","format":"standard","meta":{"_eb_attr":"","footnotes":""},"categories":[13],"tags":[34],"class_list":["post-46529","post","type-post","status-publish","format-standard","has-post-thumbnail","hentry","category-femina","tag-femina"],"nelio_content":{"autoShareEndMode":"never","automationSources":{"useCustomSentences":false,"customSentences":[]},"efiAlt":"","efiUrl":"","followers":[1],"highlights":[],"isAutoShareEnabled":true,"networkImageIds":[],"permalinkQueryArgs":[],"series":[],"suggestedReferences":[]},"_links":{"self":[{"href":"https:\/\/aprendizdomundo.com\/portal\/wp-json\/wp\/v2\/posts\/46529","targetHints":{"allow":["GET"]}}],"collection":[{"href":"https:\/\/aprendizdomundo.com\/portal\/wp-json\/wp\/v2\/posts"}],"about":[{"href":"https:\/\/aprendizdomundo.com\/portal\/wp-json\/wp\/v2\/types\/post"}],"author":[{"embeddable":true,"href":"https:\/\/aprendizdomundo.com\/portal\/wp-json\/wp\/v2\/users\/1"}],"replies":[{"embeddable":true,"href":"https:\/\/aprendizdomundo.com\/portal\/wp-json\/wp\/v2\/comments?post=46529"}],"version-history":[{"count":1,"href":"https:\/\/aprendizdomundo.com\/portal\/wp-json\/wp\/v2\/posts\/46529\/revisions"}],"predecessor-version":[{"id":46530,"href":"https:\/\/aprendizdomundo.com\/portal\/wp-json\/wp\/v2\/posts\/46529\/revisions\/46530"}],"wp:featuredmedia":[{"embeddable":true,"href":"https:\/\/aprendizdomundo.com\/portal\/wp-json\/wp\/v2\/media\/45537"}],"wp:attachment":[{"href":"https:\/\/aprendizdomundo.com\/portal\/wp-json\/wp\/v2\/media?parent=46529"}],"wp:term":[{"taxonomy":"category","embeddable":true,"href":"https:\/\/aprendizdomundo.com\/portal\/wp-json\/wp\/v2\/categories?post=46529"},{"taxonomy":"post_tag","embeddable":true,"href":"https:\/\/aprendizdomundo.com\/portal\/wp-json\/wp\/v2\/tags?post=46529"}],"curies":[{"name":"wp","href":"https:\/\/api.w.org\/{rel}","templated":true}]}}