{"id":46647,"date":"2025-05-13T06:00:21","date_gmt":"2025-05-13T09:00:21","guid":{"rendered":"https:\/\/aprendizdomundo.com\/portal\/?p=46647"},"modified":"2025-05-29T09:58:55","modified_gmt":"2025-05-29T12:58:55","slug":"atracaonacional1789","status":"publish","type":"post","link":"https:\/\/aprendizdomundo.com\/portal\/2025\/05\/13\/atracaonacional1789\/","title":{"rendered":"Izzy Gordon na Universidade AM nesta ter\u00e7a, 13\/05"},"content":{"rendered":"<p>Acompanhe o <strong>Atra\u00e7\u00e3o Nacional<\/strong> de hoje, a partir das <strong>20h00<\/strong>, na programa\u00e7\u00e3o da <strong><a title=\"R\u00e1dio Universidade AM\" href=\"https:\/\/www.ufsm.br\/radio\" target=\"_blank\" rel=\"noopener\">R\u00e1dio Universidade AM<\/a><\/strong>.<\/p>\n<p><img fetchpriority=\"high\" decoding=\"async\" title=\"Izzy Gordon\" class=\"alignleft\" src=\"https:\/\/aprendizdomundo.com\/imagens2\/at_izzygordon.jpg\" alt=\"Izzy Gordon\" width=\"320\" height=\"320\" \/>A audi\u00e7\u00e3o desta noite destaca mais um nome do nosso elenco, tocando a obra gravada da cantora <strong>Izzy Gordon<\/strong>. Denise Helena Rocha Gordon nasceu a 29 de abril de 1963, na capital paulista. Filha do m\u00fasico Dave Gordon e da cantora Denise Duran, Izzy Gordon consagrou sua voz atrav\u00e9s do jazz e da bossa nova. Dona de um belo e afinado registro, a cantora \u00e9 admirada por nomes como Bono Vox e Paul McCartney. A estreia discogr\u00e1fica aconteceu em 2005, com o lan\u00e7amento do \u00e1lbum Aos Mestres com Carinho, em homenagem \u00e0 sua tia Dolores Duran.<\/p>\n<p>A <strong>playlist<\/strong> que vamos ouvir \u00e9 a seguinte:<\/p>\n<p>Lata d&#8217;\u00c1gua<br \/>\nPirulito Que Bate Bate\/Entrei na Roda, em dueto com Will Gordon<br \/>\nBoa Noite<br \/>\nA Ilha, em dueto com Tony Gordon<br \/>\nEu vi uma Barata\/Caranguejo<br \/>\nLuzia<br \/>\nPescador de Ilus\u00f5es<br \/>\nM\u00e1gica Barata<br \/>\nMinha Verdade<br \/>\nQuando a Bahia se Mudou pra L\u00e1<br \/>\nCiranda Cirandinha, em dueto com Will Gordon<br \/>\nDe Cada Lado<br \/>\nO Sapo N\u00e3o Lava o P\u00e9, em dueto com Will Gordon<br \/>\nIdeias Erradas<br \/>\nQuest\u00e3o de Gosto<br \/>\nNeguinha Sim<br \/>\nA Vingan\u00e7a<\/p>\n<p>O <strong>Atra\u00e7\u00e3o Nacional<\/strong> vai ao ar pela <strong>Universidade AM<\/strong>, de segunda a sexta, na faixa das 20h00 \u00e0s 21h00. A curadoria de elenco, dire\u00e7\u00e3o, pesquisa, produ\u00e7\u00e3o, sele\u00e7\u00e3o de repert\u00f3rio, reda\u00e7\u00e3o de texto, apresenta\u00e7\u00e3o e edi\u00e7\u00e3o \u00e9 de <strong><a title=\"Milton Oliveira\" target=\"_blank\" rel=\"noopener\" href=\"https:\/\/aprendizdomundo.com\/miltonoliveira\">Milton Oliveira<\/a><\/strong>.<\/p>\n<p>O programa pode ser ouvido pelos <strong>800 AM<\/strong>; pela home page da emissora, em <strong><a title=\"R\u00e1dio Universidade AM\" href=\"https:\/\/www.ufsm.br\/radio\" target=\"_blank\" rel=\"noopener\">ufsm.br\/radio<\/a><\/strong>; ou pelo smartphone, acessando seu aplicativo favorito.<\/p>\n<p>O <strong>Atra\u00e7\u00e3o Nacional<\/strong> tamb\u00e9m \u00e9 veiculado pela <strong><a title=\"R\u00e1dio Uni FM\" href=\"https:\/\/www.ufsm.br\/radio\" target=\"_blank\" rel=\"noopener\">Uni FM 107.9<\/a><\/strong>, de segunda a sexta, na faixa das 22h00 \u00e0s 23h00; pela <strong><a title=\"Resonance R\u00e1dio\" href=\"http:\/\/www.resonanceradio.com.br\/\" target=\"_blank\" rel=\"noopener\">Resonance R\u00e1dio<\/a><\/strong>, todo domingo, na faixa das 18h00 \u00e0s 19h00; e pela <strong><a title=\"R\u00e1dio Bloco\" href=\"http:\/\/www.radiobloco.net\/\" target=\"_blank\" rel=\"noopener\">R\u00e1dio Bloco<\/a><\/strong>, toda ter\u00e7a, na faixa das 17h00 \u00e0s 18h00. As audi\u00e7\u00f5es n\u00e3o s\u00e3o vinculadas, os destaques s\u00e3o sempre diferentes em cada emissora.<\/p>\n<p>Curta a fanpage do nosso programa em <strong><strong><a href=\"http:\/\/www.facebook.com\/atracaonacional\" target=\"_blank\" rel=\"noopener\" title=\"Atra\u00e7\u00e3o Nacional no Facebook\">facebook.com\/atracaonacional<\/a><\/strong><\/strong>.<\/p>\n","protected":false},"excerpt":{"rendered":"<p>Acompanhe o Atra\u00e7\u00e3o Nacional de hoje, a partir das 20h00, na programa\u00e7\u00e3o da R\u00e1dio Universidade AM. A audi\u00e7\u00e3o desta noite destaca mais um nome do nosso elenco, tocando a obra gravada da cantora Izzy Gordon. Denise Helena Rocha Gordon nasceu a 29 de abril de 1963, na capital paulista. Filha do m\u00fasico Dave Gordon e [&#8230;] <\/p>\n<p class=\"more-link-container\"><a href=\"https:\/\/aprendizdomundo.com\/portal\/2025\/05\/13\/atracaonacional1789\/\" class=\"more-link\">Read More<span class=\"screen-reader-text\"> &#8220;Izzy Gordon na Universidade AM nesta ter\u00e7a, 13\/05&#8221;<\/span><\/a><\/p>\n","protected":false},"author":1,"featured_media":45542,"comment_status":"closed","ping_status":"closed","sticky":false,"template":"","format":"standard","meta":{"_eb_attr":"","footnotes":""},"categories":[4],"tags":[49],"class_list":["post-46647","post","type-post","status-publish","format-standard","has-post-thumbnail","hentry","category-atracao","tag-musica-do-brasil"],"nelio_content":{"autoShareEndMode":"never","automationSources":{"useCustomSentences":false,"customSentences":[]},"efiAlt":"","efiUrl":"","followers":[1],"highlights":[],"isAutoShareEnabled":true,"networkImageIds":[],"permalinkQueryArgs":[],"series":[],"suggestedReferences":[]},"_links":{"self":[{"href":"https:\/\/aprendizdomundo.com\/portal\/wp-json\/wp\/v2\/posts\/46647","targetHints":{"allow":["GET"]}}],"collection":[{"href":"https:\/\/aprendizdomundo.com\/portal\/wp-json\/wp\/v2\/posts"}],"about":[{"href":"https:\/\/aprendizdomundo.com\/portal\/wp-json\/wp\/v2\/types\/post"}],"author":[{"embeddable":true,"href":"https:\/\/aprendizdomundo.com\/portal\/wp-json\/wp\/v2\/users\/1"}],"replies":[{"embeddable":true,"href":"https:\/\/aprendizdomundo.com\/portal\/wp-json\/wp\/v2\/comments?post=46647"}],"version-history":[{"count":1,"href":"https:\/\/aprendizdomundo.com\/portal\/wp-json\/wp\/v2\/posts\/46647\/revisions"}],"predecessor-version":[{"id":46648,"href":"https:\/\/aprendizdomundo.com\/portal\/wp-json\/wp\/v2\/posts\/46647\/revisions\/46648"}],"wp:featuredmedia":[{"embeddable":true,"href":"https:\/\/aprendizdomundo.com\/portal\/wp-json\/wp\/v2\/media\/45542"}],"wp:attachment":[{"href":"https:\/\/aprendizdomundo.com\/portal\/wp-json\/wp\/v2\/media?parent=46647"}],"wp:term":[{"taxonomy":"category","embeddable":true,"href":"https:\/\/aprendizdomundo.com\/portal\/wp-json\/wp\/v2\/categories?post=46647"},{"taxonomy":"post_tag","embeddable":true,"href":"https:\/\/aprendizdomundo.com\/portal\/wp-json\/wp\/v2\/tags?post=46647"}],"curies":[{"name":"wp","href":"https:\/\/api.w.org\/{rel}","templated":true}]}}