{"id":46768,"date":"2025-05-17T00:01:26","date_gmt":"2025-05-17T03:01:26","guid":{"rendered":"https:\/\/aprendizdomundo.com\/portal\/?p=46768"},"modified":"2025-05-29T10:49:11","modified_gmt":"2025-05-29T13:49:11","slug":"geracaobrasileira283","status":"publish","type":"post","link":"https:\/\/aprendizdomundo.com\/portal\/2025\/05\/17\/geracaobrasileira283\/","title":{"rendered":"Gera\u00e7\u00e3o Brasileira nos 800 AM neste s\u00e1bado, 17\/05"},"content":{"rendered":"<p><img fetchpriority=\"high\" decoding=\"async\" class=\"alignleft\" title=\"Gera\u00e7\u00e3o Brasileira\" src=\"https:\/\/aprendizdomundo.com\/imagens\/marca800_geracaobrasileira.png\" alt=\"Gera\u00e7\u00e3o Brasileira\" width=\"320\" height=\"320\" \/>Acompanhe o <strong>Gera\u00e7\u00e3o Brasileira<\/strong> neste s\u00e1bado, a partir das <strong>07h00<\/strong>, pela <strong>R\u00e1dio Universidade AM<\/strong>.<\/p>\n<p>A audi\u00e7\u00e3o desta semana re\u00fane o seguinte repert\u00f3rio:<\/p>\n<p>The Fevers &#8211; Agora eu Sei<br \/>\nBarbara &#8211; Quero ter Voc\u00ea Perto de Mim<br \/>\nChico Buarque &#8211; Geni e o Zepelim<br \/>\nLeila Pinheiro &#8211; Esconjuro<br \/>\nLeno e Lilian &#8211; O Jogo do Amor<br \/>\nBarbarella &#8211; Quero o Teu Amor<br \/>\nPepeu Gomes &#8211; Fazendo M\u00fasica, Jogando Bola<br \/>\nMarina Lima &#8211; Eu Vi o Rei<br \/>\nZizi Possi &#8211; Engra\u00e7adinha<br \/>\nTavinho Moura &#8211; Ros\u00e1rio de Maria<br \/>\nSimone &#8211; Latin Lover<br \/>\nRosana &#8211; Nem um Toque<br \/>\nRenato e Seus Blue Caps &#8211; Feche os Olhos<br \/>\nSelma Reis &#8211; Sede dos Marujos<br \/>\nIra! &#8211; Dif\u00edcil \u00e9 Viver<br \/>\nPeninha &#8211; S\u00f3 Eu e Voc\u00ea<br \/>\nQuarteto em Cy &#8211; Lua Cheia<br \/>\nWando &#8211; Oi No\u00e9<br \/>\nQuinteto Violado &#8211; Pra N\u00e3o Dizer Que N\u00e3o Falei de Flores (Caminhando)<br \/>\nBelchior &#8211; Velha Roupa Colorida<br \/>\nEd Wilson &#8211; Se N\u00e3o Serve Para Voc\u00ea Tamb\u00e9m N\u00e3o Serve Para Mim<br \/>\nRenata Arruda &#8211; \u00c9 Ouro Pra Mim<br \/>\nLuiz Ayr\u00e3o &#8211; Ci\u00fame de Voc\u00ea<br \/>\nVin\u00edcius Cantu\u00e1ria &#8211; S\u00f3 Voc\u00ea<br \/>\nGilson de Souza &#8211; Onde Voc\u00ea Andou<br \/>\nRoupa Nova &#8211; Pecado Original<br \/>\nGonzaguinha &#8211; O Preto Que Satisfaz<br \/>\nBlitz &#8211; Sentado \u00e0 Beira do Caminho<br \/>\nPaulinho da Viola &#8211; Dan\u00e7a da Solid\u00e3o<br \/>\nAlcione &#8211; Falsa Considera\u00e7\u00e3o<br \/>\nTim Maia &#8211; Sossego<br \/>\nHermes Aquino &#8211; Nuvem Passageira<br \/>\nTony Campello &#8211; Baby Rock<\/p>\n<p><strong><a title=\"Gera\u00e7\u00e3o Brasileira\" href=\"https:\/\/aprendizdomundo.com\/portal\/radio\/programas\/geracao\/\">Gera\u00e7\u00e3o Brasileira<\/a><\/strong> \u00e9 um programa voltado \u00e0 execu\u00e7\u00e3o de can\u00e7\u00f5es brasileiras contempor\u00e2neas, reunindo sucessos das d\u00e9cadas de 1960 a 1990.<\/p>\n<p>A atra\u00e7\u00e3o vai ao ar pela <strong>Universidade AM<\/strong>, todo s\u00e1bado, na faixa das 07h00 \u00e0s 09h00. A pesquisa, produ\u00e7\u00e3o, sele\u00e7\u00e3o de repert\u00f3rio e edi\u00e7\u00e3o \u00e9 de <strong><a title=\"Milton Oliveira\" target=\"_blank\" rel=\"noopener\" href=\"https:\/\/aprendizdomundo.com\/miltonoliveira\">Milton Oliveira<\/a><\/strong>.<\/p>\n<p>O programa pode ser ouvido pelos <strong>800 AM<\/strong>, pelo <strong><a title=\"R\u00e1dio Universidade AM\" href=\"https:\/\/www.ufsm.br\/radio\" target=\"_blank\" rel=\"noopener\">site da emissora<\/a><\/strong> ou pelo smartphone, acessando seu aplicativo favorito.<\/p>\n","protected":false},"excerpt":{"rendered":"<p>Acompanhe o Gera\u00e7\u00e3o Brasileira neste s\u00e1bado, a partir das 07h00, pela R\u00e1dio Universidade AM. A audi\u00e7\u00e3o desta semana re\u00fane o seguinte repert\u00f3rio: The Fevers &#8211; Agora eu Sei Barbara &#8211; Quero ter Voc\u00ea Perto de Mim Chico Buarque &#8211; Geni e o Zepelim Leila Pinheiro &#8211; Esconjuro Leno e Lilian &#8211; O Jogo do Amor [&#8230;] <\/p>\n<p class=\"more-link-container\"><a href=\"https:\/\/aprendizdomundo.com\/portal\/2025\/05\/17\/geracaobrasileira283\/\" class=\"more-link\">Read More<span class=\"screen-reader-text\"> &#8220;Gera\u00e7\u00e3o Brasileira nos 800 AM neste s\u00e1bado, 17\/05&#8221;<\/span><\/a><\/p>\n","protected":false},"author":1,"featured_media":45536,"comment_status":"closed","ping_status":"closed","sticky":false,"template":"","format":"standard","meta":{"_eb_attr":"","footnotes":""},"categories":[14],"tags":[32],"class_list":["post-46768","post","type-post","status-publish","format-standard","has-post-thumbnail","hentry","category-geracaobrasileira","tag-cancoes-do-brasil"],"nelio_content":{"autoShareEndMode":"never","automationSources":{"useCustomSentences":false,"customSentences":[]},"efiAlt":"","efiUrl":"","followers":[1],"highlights":[],"isAutoShareEnabled":true,"networkImageIds":[],"permalinkQueryArgs":[],"series":[],"suggestedReferences":[]},"_links":{"self":[{"href":"https:\/\/aprendizdomundo.com\/portal\/wp-json\/wp\/v2\/posts\/46768","targetHints":{"allow":["GET"]}}],"collection":[{"href":"https:\/\/aprendizdomundo.com\/portal\/wp-json\/wp\/v2\/posts"}],"about":[{"href":"https:\/\/aprendizdomundo.com\/portal\/wp-json\/wp\/v2\/types\/post"}],"author":[{"embeddable":true,"href":"https:\/\/aprendizdomundo.com\/portal\/wp-json\/wp\/v2\/users\/1"}],"replies":[{"embeddable":true,"href":"https:\/\/aprendizdomundo.com\/portal\/wp-json\/wp\/v2\/comments?post=46768"}],"version-history":[{"count":1,"href":"https:\/\/aprendizdomundo.com\/portal\/wp-json\/wp\/v2\/posts\/46768\/revisions"}],"predecessor-version":[{"id":46769,"href":"https:\/\/aprendizdomundo.com\/portal\/wp-json\/wp\/v2\/posts\/46768\/revisions\/46769"}],"wp:featuredmedia":[{"embeddable":true,"href":"https:\/\/aprendizdomundo.com\/portal\/wp-json\/wp\/v2\/media\/45536"}],"wp:attachment":[{"href":"https:\/\/aprendizdomundo.com\/portal\/wp-json\/wp\/v2\/media?parent=46768"}],"wp:term":[{"taxonomy":"category","embeddable":true,"href":"https:\/\/aprendizdomundo.com\/portal\/wp-json\/wp\/v2\/categories?post=46768"},{"taxonomy":"post_tag","embeddable":true,"href":"https:\/\/aprendizdomundo.com\/portal\/wp-json\/wp\/v2\/tags?post=46768"}],"curies":[{"name":"wp","href":"https:\/\/api.w.org\/{rel}","templated":true}]}}