{"id":46884,"date":"2025-05-01T04:47:40","date_gmt":"2025-05-01T07:47:40","guid":{"rendered":"https:\/\/aprendizdomundo.com\/portal\/?p=46884"},"modified":"2025-05-29T16:48:18","modified_gmt":"2025-05-29T19:48:18","slug":"fandangogaucho456","status":"publish","type":"post","link":"https:\/\/aprendizdomundo.com\/portal\/2025\/05\/01\/fandangogaucho456\/","title":{"rendered":"Fandango Ga\u00facho no entardecer da Universidade AM, 01\/05"},"content":{"rendered":"<p><img fetchpriority=\"high\" decoding=\"async\" class=\"alignleft\" title=\"Fandango Ga\u00facho\" src=\"https:\/\/aprendizdomundo.com\/imagens\/marca800_fandango.png\" alt=\"Fandango Ga\u00facho\" width=\"320\" height=\"320\" \/>Acompanhe o <strong>Fandango Ga\u00facho<\/strong> especial neste feriado, a partir das <strong>18h00<\/strong>, pela <strong><a title=\"R\u00e1dio Universidade AM\" href=\"https:\/\/www.ufsm.br\/radio\" target=\"_blank\" rel=\"noopener\">R\u00e1dio Universidade AM<\/a><\/strong>. Hoje o programa tem duas horas de dura\u00e7\u00e3o.<\/p>\n<p>Em destaque, a seguinte sele\u00e7\u00e3o de m\u00fasicas:<\/p>\n<p>Grupo Rebenque &#8211; Bailando a Vanera<br \/>\nJorge Bomfim e Grupo Balan\u00e7o de Cordeona &#8211; Tio Bila no Fandango<br \/>\nAlessandro Filho e Grupo Carreteando &#8211; Bamo, Bamo Meu Cavalo<br \/>\nBeto Frizzo &#8211; Baile das Negra Touro<br \/>\nGrupo Tranco Veio &#8211; Campeando Os Trocos<br \/>\nZezinho e Grupo Floreio &#8211; Um Taura do Arreio<br \/>\nRui Biriva &#8211; No Meio do Floreio<br \/>\nLuiz Cl\u00e1udio e Baita Baile &#8211; Bem Gauch\u00e3o<br \/>\nGrupo Amor Campeiro &#8211; Hoje Sou eu Que Dan\u00e7o<br \/>\nRodrigo Silva e Grupo Ala-Pucha &#8211; Tapando Sol com a Peneira<br \/>\nTradi\u00e7\u00e3o Tch\u00ea &#8211; Tirando o Mofo da Baixaria<br \/>\nJo\u00e3o Luiz Corr\u00eaa e Grupo Campeirismo &#8211; Cultuando a Tradi\u00e7\u00e3o<br \/>\nRoberto Mendes e Fam\u00edlia Mendes &#8211; Cortado de Al\u00e7a de Gaita<br \/>\nOs Mirins &#8211; Bugio na Vaneira<br \/>\nGrupo Heran\u00e7a Campeira do Sul &#8211; Tranc\u00e3o Bem Fandangueiro<br \/>\nPortal Ga\u00facho &#8211; No Tranca\u00e7o<br \/>\nVolmir Dutra e Grupo Criado em Galp\u00e3o &#8211; Farrancho<br \/>\nTch\u00ea Garotos &#8211; Vanera Turbo<br \/>\nEspedito Abrah\u00e3o e Os Campeiros, part. Paulinho Mocelin &#8211; Bota\u00e7o Campeiro<br \/>\nOswaldir e Quinteto Nativo &#8211; Esta Gaita<br \/>\nWalther Morais &#8211; Domando a Cordeona<br \/>\nSerginho Gularte &#8211; \u00c9 de Vaneira Que eu Vou<br \/>\nMagr\u00e3o da Fronteira e Cris Vargas &#8211; Bombacha Branca<br \/>\nLuciano Ilgenfritz &#8211; Tranc\u00e3o Bem Fandangueiro<br \/>\nIedo Silva &#8211; Baile na Costa<br \/>\nGa\u00facho Sulino &#8211; Velho Bugio<br \/>\nRicardo Porto e Paulo Rigo &#8211; Festa do Galo Veio<br \/>\nOs Queras de Vacaria &#8211; Gaita Gaud\u00e9ria<br \/>\nPedro dos Santos e Grupo Cheiro de Galp\u00e3o &#8211; Campeando Reto\u00e7o<br \/>\nPortal Fandangueiro &#8211; Fandango na Quer\u00eancia<br \/>\nSamuca e Grupo Imigra\u00e7\u00e3o &#8211; Gaita do Falecido<br \/>\nC\u00e9sar Oliveira e Rog\u00e9rio Melo &#8211; Regalo<br \/>\nTch\u00ea Barbaridade &#8211; Campeiro de Verdade<br \/>\nPorca V\u00e9ia &#8211; Gaita\u00e7o<\/p>\n<p><strong><a title=\"Fandango Ga\u00facho\" href=\"https:\/\/aprendizdomundo.com\/portal\/radio\/programas\/fandango\/\">Fandango Ga\u00facho<\/a><\/strong>\u00e9 um programa dedicado \u00e0 m\u00fasica ga\u00facha, especialmente a vertente baileira.<\/p>\n<p>A atra\u00e7\u00e3o vai ao ar pela <strong>Universidade AM<\/strong>, de segunda a sexta, na faixa das 18h00 \u00e0s 18h30. Nos feriados nacionais, das 18h00 \u00e0s 20h00. A pesquisa, produ\u00e7\u00e3o, sele\u00e7\u00e3o de repert\u00f3rio e edi\u00e7\u00e3o \u00e9 de <strong><a title=\"Milton Oliveira\" target=\"_blank\" rel=\"noopener\" href=\"https:\/\/aprendizdomundo.com\/miltonoliveira\">Milton Oliveira<\/a><\/strong>.<\/p>\n<p>O programa pode ser ouvido pelos <strong>800 AM<\/strong>, pelo <strong><a title=\"R\u00e1dio Universidade AM\" href=\"https:\/\/www.ufsm.br\/radio\" target=\"_blank\" rel=\"noopener\">site da emissora<\/a><\/strong> ou pelo smartphone, acessando seu aplicativo favorito.<\/p>\n","protected":false},"excerpt":{"rendered":"<p>Acompanhe o Fandango Ga\u00facho especial neste feriado, a partir das 18h00, pela R\u00e1dio Universidade AM. Hoje o programa tem duas horas de dura\u00e7\u00e3o. Em destaque, a seguinte sele\u00e7\u00e3o de m\u00fasicas: Grupo Rebenque &#8211; Bailando a Vanera Jorge Bomfim e Grupo Balan\u00e7o de Cordeona &#8211; Tio Bila no Fandango Alessandro Filho e Grupo Carreteando &#8211; Bamo, [&#8230;] <\/p>\n<p class=\"more-link-container\"><a href=\"https:\/\/aprendizdomundo.com\/portal\/2025\/05\/01\/fandangogaucho456\/\" class=\"more-link\">Read More<span class=\"screen-reader-text\"> &#8220;Fandango Ga\u00facho no entardecer da Universidade AM, 01\/05&#8221;<\/span><\/a><\/p>\n","protected":false},"author":1,"featured_media":45538,"comment_status":"closed","ping_status":"closed","sticky":false,"template":"","format":"standard","meta":{"_eb_attr":"","footnotes":""},"categories":[12],"tags":[46],"class_list":["post-46884","post","type-post","status-publish","format-standard","has-post-thumbnail","hentry","category-fandango","tag-musica-baileira"],"nelio_content":{"autoShareEndMode":"never","automationSources":{"useCustomSentences":false,"customSentences":[]},"efiAlt":"","efiUrl":"","followers":[1],"highlights":[],"isAutoShareEnabled":true,"networkImageIds":[],"permalinkQueryArgs":[],"series":[],"suggestedReferences":[]},"_links":{"self":[{"href":"https:\/\/aprendizdomundo.com\/portal\/wp-json\/wp\/v2\/posts\/46884","targetHints":{"allow":["GET"]}}],"collection":[{"href":"https:\/\/aprendizdomundo.com\/portal\/wp-json\/wp\/v2\/posts"}],"about":[{"href":"https:\/\/aprendizdomundo.com\/portal\/wp-json\/wp\/v2\/types\/post"}],"author":[{"embeddable":true,"href":"https:\/\/aprendizdomundo.com\/portal\/wp-json\/wp\/v2\/users\/1"}],"replies":[{"embeddable":true,"href":"https:\/\/aprendizdomundo.com\/portal\/wp-json\/wp\/v2\/comments?post=46884"}],"version-history":[{"count":1,"href":"https:\/\/aprendizdomundo.com\/portal\/wp-json\/wp\/v2\/posts\/46884\/revisions"}],"predecessor-version":[{"id":46885,"href":"https:\/\/aprendizdomundo.com\/portal\/wp-json\/wp\/v2\/posts\/46884\/revisions\/46885"}],"wp:featuredmedia":[{"embeddable":true,"href":"https:\/\/aprendizdomundo.com\/portal\/wp-json\/wp\/v2\/media\/45538"}],"wp:attachment":[{"href":"https:\/\/aprendizdomundo.com\/portal\/wp-json\/wp\/v2\/media?parent=46884"}],"wp:term":[{"taxonomy":"category","embeddable":true,"href":"https:\/\/aprendizdomundo.com\/portal\/wp-json\/wp\/v2\/categories?post=46884"},{"taxonomy":"post_tag","embeddable":true,"href":"https:\/\/aprendizdomundo.com\/portal\/wp-json\/wp\/v2\/tags?post=46884"}],"curies":[{"name":"wp","href":"https:\/\/api.w.org\/{rel}","templated":true}]}}