{"id":47097,"date":"2025-05-10T17:55:21","date_gmt":"2025-05-10T20:55:21","guid":{"rendered":"https:\/\/aprendizdomundo.com\/portal\/?p=47097"},"modified":"2025-05-29T17:55:48","modified_gmt":"2025-05-29T20:55:48","slug":"sarandeio2941","status":"publish","type":"post","link":"https:\/\/aprendizdomundo.com\/portal\/2025\/05\/10\/sarandeio2941\/","title":{"rendered":"Sarandeio no amanhecer da Universidade AM, 11\/05"},"content":{"rendered":"<p><img fetchpriority=\"high\" decoding=\"async\" class=\"alignleft\" title=\"Sarandeio\" src=\"https:\/\/aprendizdomundo.com\/imagens\/sarandeio_d11.png\" alt=\"Sarandeio\" width=\"320\" height=\"320\" \/>Acompanhe o <strong>Sarandeio<\/strong> na pr\u00f3xima madrugada, a partir das <strong>05h00<\/strong>, pela <strong><a title=\"R\u00e1dio Universidade AM\" href=\"https:\/\/www.ufsm.br\/radio\" target=\"_blank\" rel=\"noopener\">R\u00e1dio Universidade AM<\/a><\/strong>.<\/p>\n<p>A sele\u00e7\u00e3o musical vai destacar&#8230;<\/p>\n<p>Chic\u00e3o &#8211; Se Lavando na Vaneira<br \/>\nGrupo Nativo Serrano &#8211; Medicina Campeira<br \/>\nIedo Silva &#8211; Saudade na Garupa<br \/>\nGrupo Pampa e Guitarra &#8211; Saudade Aragana<br \/>\nNewton Cancioneiro e Grupo Parceria &#8211; Trilhas do Vento<br \/>\nSanto Ch\u00e3o &#8211; Ti\u00e3ozinho no Acordeom<br \/>\nDilmar Guedes &#8211; Fandango no Pago<br \/>\nOs Cobras do Teclado &#8211; Estampa de Ga\u00facho<br \/>\nOs Monarcas &#8211; Faculdade Gaud\u00e9ria<br \/>\nR\u00e9gis Marques &#8211; Bagacera<br \/>\nGrupo Sul Tch\u00ea &#8211; Tropeiro<br \/>\nD\u00e9lcio Tavares &#8211; Oh! de Casa, na vers\u00e3o ao vivo<br \/>\nOs Tropeiros Araganos &#8211; Gaitinha<br \/>\nLuiz dos Reis &#8211; Correndo Perigo<br \/>\nCora\u00e7\u00e3o do Pago &#8211; Tio Matias no Fandango<br \/>\nGrupo Fronteirismo &#8211; Grongueiros Fandangos da Fronteira<br \/>\nGrupo Freio de Ouro &#8211; Cantando a Morena<br \/>\nOs Serranos &#8211; Panela Velha<br \/>\nTranco e Balan\u00e7o &#8211; Que Som \u00e9 Esse<br \/>\nEstouro Ga\u00facho &#8211; Pra Vanera<br \/>\nNilton Ferreira &#8211; Cancela da Alma<br \/>\nGrupo Ra\u00edzes &#8211; Explos\u00e3o Fandangueira<br \/>\nLeonardo Quadros &#8211; Se Foi a Est\u00e2ncia Antiga<br \/>\nOs Oliveiras &#8211; Regresso do Carreteiro<br \/>\nAlbino Manique &#8211; Bombacha Riscada<br \/>\nIvan Taborda &#8211; Mal de Cunhado (causo)<br \/>\nOswaldir &#038; Carlos Magr\u00e3o &#8211; N\u00e3o Podemo se Entrega Pros Home<br \/>\nXir\u00fa Missioneiro &#8211; Catando os Pila<br \/>\nOs Mateadores &#8211; O Potro da Est\u00e2ncia Quer\u00eancia<br \/>\nGrupo Quero-Quero &#8211; Correndo \u00c9guada<br \/>\nOs Chiripas &#8211; Das Cordas Brotam Milongas<br \/>\nEco do Minuano e Bonitinho &#8211; Nossa Tradi\u00e7\u00e3o<br \/>\nOs Monarcas &#8211; Bugio Vinagre<\/p>\n<p><strong><a title=\"Sarandeio\" href=\"https:\/\/aprendizdomundo.com\/portal\/radio\/programas\/sarandeio\/\">Sarandeio<\/a><\/strong> \u00e9 um programa dedicado \u00e0 m\u00fasica ga\u00facha, especialmente a vertente fandangueira. Re\u00fane can\u00e7\u00f5es de int\u00e9rpretes e grupos do Rio Grande do Sul e, tamb\u00e9m, artistas de outros estados que igualmente produzem m\u00fasica fandangueira.<\/p>\n<p>A atra\u00e7\u00e3o vai ao ar pela <strong>Universidade AM<\/strong>, todos os dias, na faixa das 05h00 \u00e0s 07h00. A pesquisa, produ\u00e7\u00e3o, sele\u00e7\u00e3o de repert\u00f3rio e edi\u00e7\u00e3o \u00e9 de <strong><a title=\"Milton Oliveira\" target=\"_blank\" rel=\"noopener\" href=\"https:\/\/aprendizdomundo.com\/miltonoliveira\">Milton Oliveira<\/a><\/strong>.<\/p>\n<p>O programa pode ser ouvido pelos <strong>800 AM<\/strong>, pelo <strong><a title=\"R\u00e1dio Universidade AM\" href=\"https:\/\/www.ufsm.br\/radio\" target=\"_blank\" rel=\"noopener\">site da emissora<\/a><\/strong> ou pelo smartphone, acessando seu aplicativo favorito.<\/p>\n","protected":false},"excerpt":{"rendered":"<p>Acompanhe o Sarandeio na pr\u00f3xima madrugada, a partir das 05h00, pela R\u00e1dio Universidade AM. A sele\u00e7\u00e3o musical vai destacar&#8230; Chic\u00e3o &#8211; Se Lavando na Vaneira Grupo Nativo Serrano &#8211; Medicina Campeira Iedo Silva &#8211; Saudade na Garupa Grupo Pampa e Guitarra &#8211; Saudade Aragana Newton Cancioneiro e Grupo Parceria &#8211; Trilhas do Vento Santo Ch\u00e3o [&#8230;] <\/p>\n<p class=\"more-link-container\"><a href=\"https:\/\/aprendizdomundo.com\/portal\/2025\/05\/10\/sarandeio2941\/\" class=\"more-link\">Read More<span class=\"screen-reader-text\"> &#8220;Sarandeio no amanhecer da Universidade AM, 11\/05&#8221;<\/span><\/a><\/p>\n","protected":false},"author":1,"featured_media":45532,"comment_status":"closed","ping_status":"closed","sticky":false,"template":"","format":"standard","meta":{"_eb_attr":"","footnotes":""},"categories":[22],"tags":[51],"class_list":["post-47097","post","type-post","status-publish","format-standard","has-post-thumbnail","hentry","category-sarandeio","tag-sarandeio"],"nelio_content":{"autoShareEndMode":"never","automationSources":{"useCustomSentences":false,"customSentences":[]},"efiAlt":"","efiUrl":"","followers":[1],"highlights":[],"isAutoShareEnabled":true,"networkImageIds":[],"permalinkQueryArgs":[],"series":[],"suggestedReferences":[]},"_links":{"self":[{"href":"https:\/\/aprendizdomundo.com\/portal\/wp-json\/wp\/v2\/posts\/47097","targetHints":{"allow":["GET"]}}],"collection":[{"href":"https:\/\/aprendizdomundo.com\/portal\/wp-json\/wp\/v2\/posts"}],"about":[{"href":"https:\/\/aprendizdomundo.com\/portal\/wp-json\/wp\/v2\/types\/post"}],"author":[{"embeddable":true,"href":"https:\/\/aprendizdomundo.com\/portal\/wp-json\/wp\/v2\/users\/1"}],"replies":[{"embeddable":true,"href":"https:\/\/aprendizdomundo.com\/portal\/wp-json\/wp\/v2\/comments?post=47097"}],"version-history":[{"count":1,"href":"https:\/\/aprendizdomundo.com\/portal\/wp-json\/wp\/v2\/posts\/47097\/revisions"}],"predecessor-version":[{"id":47098,"href":"https:\/\/aprendizdomundo.com\/portal\/wp-json\/wp\/v2\/posts\/47097\/revisions\/47098"}],"wp:featuredmedia":[{"embeddable":true,"href":"https:\/\/aprendizdomundo.com\/portal\/wp-json\/wp\/v2\/media\/45532"}],"wp:attachment":[{"href":"https:\/\/aprendizdomundo.com\/portal\/wp-json\/wp\/v2\/media?parent=47097"}],"wp:term":[{"taxonomy":"category","embeddable":true,"href":"https:\/\/aprendizdomundo.com\/portal\/wp-json\/wp\/v2\/categories?post=47097"},{"taxonomy":"post_tag","embeddable":true,"href":"https:\/\/aprendizdomundo.com\/portal\/wp-json\/wp\/v2\/tags?post=47097"}],"curies":[{"name":"wp","href":"https:\/\/api.w.org\/{rel}","templated":true}]}}