{"id":47306,"date":"2025-06-19T03:00:09","date_gmt":"2025-06-19T06:00:09","guid":{"rendered":"https:\/\/aprendizdomundo.com\/portal\/?p=47306"},"modified":"2025-06-01T14:03:38","modified_gmt":"2025-06-01T17:03:38","slug":"femina2101","status":"publish","type":"post","link":"https:\/\/aprendizdomundo.com\/portal\/2025\/06\/19\/femina2101\/","title":{"rendered":"Femina na programa\u00e7\u00e3o da Universidade AM, 19\/06"},"content":{"rendered":"<p><img fetchpriority=\"high\" decoding=\"async\" class=\"alignleft\" title=\"Femina\" src=\"https:\/\/aprendizdomundo.com\/imagens\/marca800_femina.png\" alt=\"Femina\" width=\"320\" height=\"320\" \/>Acompanhe o <strong>Femina<\/strong> neste feriado nacional, a partir das <strong>14h00<\/strong>, pela <strong><a title=\"R\u00e1dio Universidade AM\" href=\"https:\/\/www.ufsm.br\/radio\" target=\"_blank\" rel=\"noopener\">R\u00e1dio Universidade AM<\/a><\/strong>.<\/p>\n<p>A sele\u00e7\u00e3o musical programada \u00e9 a seguinte:<\/p>\n<p>Sophia Abrahao &#8211; \u00c9 Voc\u00ea<br \/>\nLeny Andrade &#8211; Uau<br \/>\nAna Caram &#8211; Samba Torto<br \/>\nPatr\u00edcia Marx &#8211; Tudo o Que eu Quero<br \/>\nIzabel Padovani &#8211; Do Compositor<br \/>\nKlebi Nori &#8211; Rua de Fuma\u00e7a<br \/>\nJoyce C\u00e2ndido &#8211; Hoje Nao<br \/>\nAna de Hollanda &#8211; Um Filme<br \/>\nElis Regina &#8211; Vou Deitar e Rolar (Quaquaraquaqua)<br \/>\nT\u00e2nia Mara &#8211; Metade do Meu Cora\u00e7\u00e3o<br \/>\nM\u00e1rcia Corcino &#8211; Quem Sou eu Quem \u00e9 Voc\u00ea<br \/>\nAnna Toledo &#8211; Samba de Fora<br \/>\nVer\u00f4nica Sabino &#8211; Melhor pra Mim<br \/>\nAdriana Capparelli &#8211; Abra\u00e7o Vazio (Resposta ao Tempo)<\/p>\n<p><strong><a title=\"Femina\" href=\"https:\/\/aprendizdomundo.com\/portal\/radio\/programas\/femina\/\">Femina<\/a><\/strong> \u00e9 um programa voltado \u00e0 execu\u00e7\u00e3o de cantoras brasileiras contempor\u00e2neas, reunindo grava\u00e7\u00f5es dos anos 1980 \u00e0 atualidade, dando aten\u00e7\u00e3o especial \u00e0s novas vozes da nossa m\u00fasica.<\/p>\n<p>A produ\u00e7\u00e3o vai ao ar pela <strong>Universidade AM<\/strong>, de segunda a sexta, na faixa das 14h00 \u00e0s 15h00. A pesquisa, produ\u00e7\u00e3o, sele\u00e7\u00e3o de repert\u00f3rio e edi\u00e7\u00e3o \u00e9 de <strong><a title=\"Milton Oliveira\" target=\"_blank\" rel=\"noopener\" href=\"https:\/\/aprendizdomundo.com\/miltonoliveira\">Milton Oliveira<\/a><\/strong>.<\/p>\n<p>O programa pode ser ouvido pelos <strong>800 AM<\/strong>, pelo <strong><a title=\"R\u00e1dio Universidade AM\" href=\"https:\/\/www.ufsm.br\/radio\" target=\"_blank\" rel=\"noopener\">site da emissora<\/a><\/strong> ou pelo smartphone, acessando seu aplicativo favorito.<\/p>\n","protected":false},"excerpt":{"rendered":"<p>Acompanhe o Femina neste feriado nacional, a partir das 14h00, pela R\u00e1dio Universidade AM. A sele\u00e7\u00e3o musical programada \u00e9 a seguinte: Sophia Abrahao &#8211; \u00c9 Voc\u00ea Leny Andrade &#8211; Uau Ana Caram &#8211; Samba Torto Patr\u00edcia Marx &#8211; Tudo o Que eu Quero Izabel Padovani &#8211; Do Compositor Klebi Nori &#8211; Rua de Fuma\u00e7a Joyce [&#8230;] <\/p>\n<p class=\"more-link-container\"><a href=\"https:\/\/aprendizdomundo.com\/portal\/2025\/06\/19\/femina2101\/\" class=\"more-link\">Read More<span class=\"screen-reader-text\"> &#8220;Femina na programa\u00e7\u00e3o da Universidade AM, 19\/06&#8221;<\/span><\/a><\/p>\n","protected":false},"author":1,"featured_media":45537,"comment_status":"closed","ping_status":"closed","sticky":false,"template":"","format":"standard","meta":{"_eb_attr":"","footnotes":""},"categories":[13],"tags":[34],"class_list":["post-47306","post","type-post","status-publish","format-standard","has-post-thumbnail","hentry","category-femina","tag-femina"],"nelio_content":{"autoShareEndMode":"never","automationSources":{"useCustomSentences":false,"customSentences":[]},"efiAlt":"","efiUrl":"","followers":[1],"highlights":[],"isAutoShareEnabled":true,"networkImageIds":[],"permalinkQueryArgs":[],"series":[],"suggestedReferences":[]},"_links":{"self":[{"href":"https:\/\/aprendizdomundo.com\/portal\/wp-json\/wp\/v2\/posts\/47306","targetHints":{"allow":["GET"]}}],"collection":[{"href":"https:\/\/aprendizdomundo.com\/portal\/wp-json\/wp\/v2\/posts"}],"about":[{"href":"https:\/\/aprendizdomundo.com\/portal\/wp-json\/wp\/v2\/types\/post"}],"author":[{"embeddable":true,"href":"https:\/\/aprendizdomundo.com\/portal\/wp-json\/wp\/v2\/users\/1"}],"replies":[{"embeddable":true,"href":"https:\/\/aprendizdomundo.com\/portal\/wp-json\/wp\/v2\/comments?post=47306"}],"version-history":[{"count":1,"href":"https:\/\/aprendizdomundo.com\/portal\/wp-json\/wp\/v2\/posts\/47306\/revisions"}],"predecessor-version":[{"id":47307,"href":"https:\/\/aprendizdomundo.com\/portal\/wp-json\/wp\/v2\/posts\/47306\/revisions\/47307"}],"wp:featuredmedia":[{"embeddable":true,"href":"https:\/\/aprendizdomundo.com\/portal\/wp-json\/wp\/v2\/media\/45537"}],"wp:attachment":[{"href":"https:\/\/aprendizdomundo.com\/portal\/wp-json\/wp\/v2\/media?parent=47306"}],"wp:term":[{"taxonomy":"category","embeddable":true,"href":"https:\/\/aprendizdomundo.com\/portal\/wp-json\/wp\/v2\/categories?post=47306"},{"taxonomy":"post_tag","embeddable":true,"href":"https:\/\/aprendizdomundo.com\/portal\/wp-json\/wp\/v2\/tags?post=47306"}],"curies":[{"name":"wp","href":"https:\/\/api.w.org\/{rel}","templated":true}]}}