{"id":47308,"date":"2025-06-07T00:01:44","date_gmt":"2025-06-07T03:01:44","guid":{"rendered":"https:\/\/aprendizdomundo.com\/portal\/?p=47308"},"modified":"2025-06-01T14:04:29","modified_gmt":"2025-06-01T17:04:29","slug":"geracaobrasileira286","status":"publish","type":"post","link":"https:\/\/aprendizdomundo.com\/portal\/2025\/06\/07\/geracaobrasileira286\/","title":{"rendered":"Gera\u00e7\u00e3o Brasileira nos 800 AM neste s\u00e1bado, 07\/06"},"content":{"rendered":"<p><img fetchpriority=\"high\" decoding=\"async\" class=\"alignleft\" title=\"Gera\u00e7\u00e3o Brasileira\" src=\"https:\/\/aprendizdomundo.com\/imagens\/marca800_geracaobrasileira.png\" alt=\"Gera\u00e7\u00e3o Brasileira\" width=\"320\" height=\"320\" \/>Acompanhe a audi\u00e7\u00e3o 286 do <strong>Gera\u00e7\u00e3o Brasileira<\/strong> neste s\u00e1bado, a partir das <strong>07h00<\/strong>, pela <strong>R\u00e1dio Universidade AM<\/strong>.<\/p>\n<p>A audi\u00e7\u00e3o desta semana re\u00fane o seguinte repert\u00f3rio:<\/p>\n<p>Wilson Simonal &#8211; Garota Legal<br \/>\nKleiton e Kledir &#8211; Haragana<br \/>\nZ\u00e9 Geraldo &#8211; Promessas de um Idiota as Seis da Manha<br \/>\nChico Batera e Jo\u00e3o Bosco &#8211; Tiro de Miseric\u00f3rdia<br \/>\nJerry Adriani &#8211; Querida<br \/>\nGal Costa &#8211; Balance<br \/>\nRoberto Ribeiro &#8211; Estrela de Madureira<br \/>\nAnt\u00f4nio Marcos &#8211; Sonhos de um Palha\u00e7o<br \/>\nBaby do Brasil &#8211; O Que Vier eu Tra\u00e7o<br \/>\nSkank &#8211; \u00c9 Proibido Fumar<br \/>\nTavito &#8211; Rua Ramalhete<br \/>\nS\u00f3 Pra Contrariar &#8211; Machuca Demais<br \/>\nRaul Seixas &#8211; Al Capone<br \/>\nMarisa Monte &#8211; Balan\u00e7a Pema<br \/>\nA Cor do Som &#8211; Se Segura Malandro<br \/>\nJane Duboc &#8211; Linda Juventude<br \/>\nK\u00e1tia &#8211; T\u00e3o S\u00f3<br \/>\nRoberto Carlos &#8211; O C\u00f4ncavo e o Convexo<br \/>\nMPB-4 &#8211; O Ronco da Cu\u00edca<br \/>\nS\u00e1 e Guarabyra &#8211; Mais Um<br \/>\nTom Jobim &#8211; Wave<br \/>\nKid Abelha &#8211; Ele Quer me Conquistar<br \/>\nL\u00e9o Jaime &#8211; As Sete Vampiras<br \/>\nBiqu\u00edni Cavad\u00e3o &#8211; Chove Chuva<br \/>\nDem\u00f4nios da Garoa &#8211; Pra\u00e7a Onze<br \/>\nElis Regina &#8211; \u00c1guas de Mar\u00e7o<br \/>\nLenine &#8211; Paci\u00eancia<br \/>\nSandra de S\u00e1 &#8211; Can\u00e7\u00e3o de B\u00fazios<br \/>\nAna Carolina &#8211; T\u00f4 Saindo<br \/>\nPaulo Diniz &#8211; Maria das Dores<br \/>\nV\u00e2nia Abreu &#8211; Tambor<br \/>\nCarlos Lyra &#8211; Maria Moita<br \/>\nFaf\u00e1 de Bel\u00e9m &#8211; Mem\u00f3rias<\/p>\n<p><strong><a title=\"Gera\u00e7\u00e3o Brasileira\" href=\"https:\/\/aprendizdomundo.com\/portal\/radio\/programas\/geracao\/\">Gera\u00e7\u00e3o Brasileira<\/a><\/strong> \u00e9 um programa voltado \u00e0 execu\u00e7\u00e3o de can\u00e7\u00f5es brasileiras contempor\u00e2neas, reunindo sucessos das d\u00e9cadas de 1960 a 1990.<\/p>\n<p>A atra\u00e7\u00e3o vai ao ar pela <strong>Universidade AM<\/strong>, todo s\u00e1bado, na faixa das 07h00 \u00e0s 09h00. A pesquisa, produ\u00e7\u00e3o, sele\u00e7\u00e3o de repert\u00f3rio e edi\u00e7\u00e3o \u00e9 de <strong><a title=\"Milton Oliveira\" target=\"_blank\" rel=\"noopener\" href=\"https:\/\/aprendizdomundo.com\/miltonoliveira\">Milton Oliveira<\/a><\/strong>.<\/p>\n<p>O programa pode ser ouvido pelos <strong>800 AM<\/strong>, pelo <strong><a title=\"R\u00e1dio Universidade AM\" href=\"https:\/\/www.ufsm.br\/radio\" target=\"_blank\" rel=\"noopener\">site da emissora<\/a><\/strong> ou pelo smartphone, acessando seu aplicativo favorito.<\/p>\n","protected":false},"excerpt":{"rendered":"<p>Acompanhe a audi\u00e7\u00e3o 286 do Gera\u00e7\u00e3o Brasileira neste s\u00e1bado, a partir das 07h00, pela R\u00e1dio Universidade AM. A audi\u00e7\u00e3o desta semana re\u00fane o seguinte repert\u00f3rio: Wilson Simonal &#8211; Garota Legal Kleiton e Kledir &#8211; Haragana Z\u00e9 Geraldo &#8211; Promessas de um Idiota as Seis da Manha Chico Batera e Jo\u00e3o Bosco &#8211; Tiro de Miseric\u00f3rdia [&#8230;] <\/p>\n<p class=\"more-link-container\"><a href=\"https:\/\/aprendizdomundo.com\/portal\/2025\/06\/07\/geracaobrasileira286\/\" class=\"more-link\">Read More<span class=\"screen-reader-text\"> &#8220;Gera\u00e7\u00e3o Brasileira nos 800 AM neste s\u00e1bado, 07\/06&#8221;<\/span><\/a><\/p>\n","protected":false},"author":1,"featured_media":45536,"comment_status":"closed","ping_status":"closed","sticky":false,"template":"","format":"standard","meta":{"_eb_attr":"","footnotes":""},"categories":[14],"tags":[32],"class_list":["post-47308","post","type-post","status-publish","format-standard","has-post-thumbnail","hentry","category-geracaobrasileira","tag-cancoes-do-brasil"],"nelio_content":{"autoShareEndMode":"never","automationSources":{"useCustomSentences":false,"customSentences":[]},"efiAlt":"","efiUrl":"","followers":[1],"highlights":[],"isAutoShareEnabled":true,"networkImageIds":[],"permalinkQueryArgs":[],"series":[],"suggestedReferences":[]},"_links":{"self":[{"href":"https:\/\/aprendizdomundo.com\/portal\/wp-json\/wp\/v2\/posts\/47308","targetHints":{"allow":["GET"]}}],"collection":[{"href":"https:\/\/aprendizdomundo.com\/portal\/wp-json\/wp\/v2\/posts"}],"about":[{"href":"https:\/\/aprendizdomundo.com\/portal\/wp-json\/wp\/v2\/types\/post"}],"author":[{"embeddable":true,"href":"https:\/\/aprendizdomundo.com\/portal\/wp-json\/wp\/v2\/users\/1"}],"replies":[{"embeddable":true,"href":"https:\/\/aprendizdomundo.com\/portal\/wp-json\/wp\/v2\/comments?post=47308"}],"version-history":[{"count":1,"href":"https:\/\/aprendizdomundo.com\/portal\/wp-json\/wp\/v2\/posts\/47308\/revisions"}],"predecessor-version":[{"id":47309,"href":"https:\/\/aprendizdomundo.com\/portal\/wp-json\/wp\/v2\/posts\/47308\/revisions\/47309"}],"wp:featuredmedia":[{"embeddable":true,"href":"https:\/\/aprendizdomundo.com\/portal\/wp-json\/wp\/v2\/media\/45536"}],"wp:attachment":[{"href":"https:\/\/aprendizdomundo.com\/portal\/wp-json\/wp\/v2\/media?parent=47308"}],"wp:term":[{"taxonomy":"category","embeddable":true,"href":"https:\/\/aprendizdomundo.com\/portal\/wp-json\/wp\/v2\/categories?post=47308"},{"taxonomy":"post_tag","embeddable":true,"href":"https:\/\/aprendizdomundo.com\/portal\/wp-json\/wp\/v2\/tags?post=47308"}],"curies":[{"name":"wp","href":"https:\/\/api.w.org\/{rel}","templated":true}]}}