{"id":47436,"date":"2025-06-18T19:00:13","date_gmt":"2025-06-18T22:00:13","guid":{"rendered":"https:\/\/aprendizdomundo.com\/portal\/?p=47436"},"modified":"2025-06-01T14:56:50","modified_gmt":"2025-06-01T17:56:50","slug":"sarandeio2980","status":"publish","type":"post","link":"https:\/\/aprendizdomundo.com\/portal\/2025\/06\/18\/sarandeio2980\/","title":{"rendered":"Sarandeio no amanhecer da Universidade AM, 19\/06"},"content":{"rendered":"<p><img fetchpriority=\"high\" decoding=\"async\" class=\"alignleft\" title=\"Sarandeio\" src=\"https:\/\/aprendizdomundo.com\/imagens\/sarandeio_d19.png\" alt=\"Sarandeio\" width=\"320\" height=\"320\" \/>Acompanhe a audi\u00e7\u00e3o 2980 do <strong>Sarandeio<\/strong> no feriado ancional, na pr\u00f3xima madrugada, a partir das <strong>05h00<\/strong>, pela <strong><a title=\"R\u00e1dio Universidade AM\" href=\"https:\/\/www.ufsm.br\/radio\" target=\"_blank\" rel=\"noopener\">R\u00e1dio Universidade AM<\/a><\/strong>.<\/p>\n<p>A sele\u00e7\u00e3o musical vai destacar&#8230;<\/p>\n<p>Grupo Minuano &#8211; Gaiteiro Agrad\u00e3o<br \/>\nRodrigo Lucena &#8211; Bugio da Guabiroba<br \/>\nGrupo Quero-Quero &#8211; Gineteada e Marca\u00e7\u00e3o<br \/>\nChiquito &#8211; De Pai pra Filho<br \/>\nGrupo Chasque Campeiro &#8211; Jo\u00e3o das Feia<br \/>\nGaitta\u00e7o do Sul &#8211; Fandango de Borracho<br \/>\nFabiano Bacchieri &#8211; Brasileiro Puro-Sangue<br \/>\nTrio de Ouro &#8211; Eco do Pampa<br \/>\nRasga o Fole &#8211; Gauch\u00e3o Igual a Mim<br \/>\nBugre Xucro &#8211; Romance do Pala Velho<br \/>\nGrupo Evolu\u00e7\u00e3o Ga\u00facha &#8211; Balan\u00e7o de Vaneira<br \/>\nBaitaca &#8211; Um Bagual Corcoveador<br \/>\n\u00c2ngelo Franco &#8211; Tio Laudelino<br \/>\nOs Mateadores &#8211; Galope do Mouro<br \/>\nGrupo Manota\u00e7o &#8211; Mouro Cabe\u00e7a Preta<br \/>\nCristiano Vieira &#8211; Festan\u00e7a Rural<br \/>\nMauricio Marques &#8211; Milonga\u00e7o<br \/>\nMarca Nativa &#8211; Chorona<br \/>\nOs Taitas &#8211; Pingo Parceiro<br \/>\nManinha Missioneira &#8211; O Rio Grande Se Fez Grande<br \/>\nCarlinhos Moreira e Amigos &#8211; Bolacha Seca<br \/>\nGrupo De Mont\u00e3o &#8211; Rechetegue no Bail\u00e3o<br \/>\nPepeu Goncalves &#8211; Costumes de Antigamente<br \/>\nCharla de Fronteira &#8211; Chasque pra um Domador<br \/>\nWalther Morais &#8211; Criado em Galp\u00e3o<br \/>\nRaone e Grupo Alma Xucra &#8211; No Fole da Botoneira<br \/>\nCumpadre Lagoa &#8211; O Juv\u00eancio e o Tamandu\u00e1 (causo)<br \/>\nOs Serranos &#8211; Serrano Sim Senhor<br \/>\nPiazitos do Fandango &#8211; Quer\u00eancia<br \/>\nTch\u00ea Moleque &#8211; Saudade Ga\u00facha<br \/>\nGrupo Eco do Pampa &#8211; Fuzarqueiro e Dan\u00e7ador<br \/>\nEdu Gaita\u00e7o e Grupo Marca Tradi\u00e7\u00e3o &#8211; Tert\u00falia Galponeira<br \/>\nGrupo Cora\u00e7\u00e3o Fandangueiro &#8211; Assoviando uma Vaneira<br \/>\nAilton Lemos &#8211; Morena Chamameceira<\/p>\n<p><strong><a title=\"Sarandeio\" href=\"https:\/\/aprendizdomundo.com\/portal\/radio\/programas\/sarandeio\/\">Sarandeio<\/a><\/strong> \u00e9 um programa dedicado \u00e0 m\u00fasica ga\u00facha, especialmente a vertente fandangueira. Re\u00fane can\u00e7\u00f5es de int\u00e9rpretes e grupos do Rio Grande do Sul e, tamb\u00e9m, artistas de outros estados que igualmente produzem m\u00fasica fandangueira.<\/p>\n<p>A atra\u00e7\u00e3o vai ao ar pela <strong>Universidade AM<\/strong>, todos os dias, na faixa das 05h00 \u00e0s 07h00. A pesquisa, produ\u00e7\u00e3o, sele\u00e7\u00e3o de repert\u00f3rio e edi\u00e7\u00e3o \u00e9 de <strong><a title=\"Milton Oliveira\" target=\"_blank\" rel=\"noopener\" href=\"https:\/\/aprendizdomundo.com\/miltonoliveira\">Milton Oliveira<\/a><\/strong>.<\/p>\n<p>O programa pode ser ouvido pelos <strong>800 AM<\/strong>, pelo <strong><a title=\"R\u00e1dio Universidade AM\" href=\"https:\/\/www.ufsm.br\/radio\" target=\"_blank\" rel=\"noopener\">site da emissora<\/a><\/strong> ou pelo smartphone, acessando seu aplicativo favorito.<\/p>\n","protected":false},"excerpt":{"rendered":"<p>Acompanhe a audi\u00e7\u00e3o 2980 do Sarandeio no feriado ancional, na pr\u00f3xima madrugada, a partir das 05h00, pela R\u00e1dio Universidade AM. A sele\u00e7\u00e3o musical vai destacar&#8230; Grupo Minuano &#8211; Gaiteiro Agrad\u00e3o Rodrigo Lucena &#8211; Bugio da Guabiroba Grupo Quero-Quero &#8211; Gineteada e Marca\u00e7\u00e3o Chiquito &#8211; De Pai pra Filho Grupo Chasque Campeiro &#8211; Jo\u00e3o das Feia [&#8230;] <\/p>\n<p class=\"more-link-container\"><a href=\"https:\/\/aprendizdomundo.com\/portal\/2025\/06\/18\/sarandeio2980\/\" class=\"more-link\">Read More<span class=\"screen-reader-text\"> &#8220;Sarandeio no amanhecer da Universidade AM, 19\/06&#8221;<\/span><\/a><\/p>\n","protected":false},"author":1,"featured_media":45532,"comment_status":"closed","ping_status":"closed","sticky":false,"template":"","format":"standard","meta":{"_eb_attr":"","footnotes":""},"categories":[22],"tags":[51],"class_list":["post-47436","post","type-post","status-publish","format-standard","has-post-thumbnail","hentry","category-sarandeio","tag-sarandeio"],"nelio_content":{"autoShareEndMode":"never","automationSources":{"useCustomSentences":false,"customSentences":[]},"efiAlt":"","efiUrl":"","followers":[1],"highlights":[],"isAutoShareEnabled":true,"networkImageIds":[],"permalinkQueryArgs":[],"series":[],"suggestedReferences":[]},"_links":{"self":[{"href":"https:\/\/aprendizdomundo.com\/portal\/wp-json\/wp\/v2\/posts\/47436","targetHints":{"allow":["GET"]}}],"collection":[{"href":"https:\/\/aprendizdomundo.com\/portal\/wp-json\/wp\/v2\/posts"}],"about":[{"href":"https:\/\/aprendizdomundo.com\/portal\/wp-json\/wp\/v2\/types\/post"}],"author":[{"embeddable":true,"href":"https:\/\/aprendizdomundo.com\/portal\/wp-json\/wp\/v2\/users\/1"}],"replies":[{"embeddable":true,"href":"https:\/\/aprendizdomundo.com\/portal\/wp-json\/wp\/v2\/comments?post=47436"}],"version-history":[{"count":1,"href":"https:\/\/aprendizdomundo.com\/portal\/wp-json\/wp\/v2\/posts\/47436\/revisions"}],"predecessor-version":[{"id":47437,"href":"https:\/\/aprendizdomundo.com\/portal\/wp-json\/wp\/v2\/posts\/47436\/revisions\/47437"}],"wp:featuredmedia":[{"embeddable":true,"href":"https:\/\/aprendizdomundo.com\/portal\/wp-json\/wp\/v2\/media\/45532"}],"wp:attachment":[{"href":"https:\/\/aprendizdomundo.com\/portal\/wp-json\/wp\/v2\/media?parent=47436"}],"wp:term":[{"taxonomy":"category","embeddable":true,"href":"https:\/\/aprendizdomundo.com\/portal\/wp-json\/wp\/v2\/categories?post=47436"},{"taxonomy":"post_tag","embeddable":true,"href":"https:\/\/aprendizdomundo.com\/portal\/wp-json\/wp\/v2\/tags?post=47436"}],"curies":[{"name":"wp","href":"https:\/\/api.w.org\/{rel}","templated":true}]}}