{"id":47484,"date":"2025-06-24T06:00:34","date_gmt":"2025-06-24T09:00:34","guid":{"rendered":"https:\/\/aprendizdomundo.com\/portal\/?p=47484"},"modified":"2025-06-09T11:00:02","modified_gmt":"2025-06-09T14:00:02","slug":"atracaonacional1819","status":"publish","type":"post","link":"https:\/\/aprendizdomundo.com\/portal\/2025\/06\/24\/atracaonacional1819\/","title":{"rendered":"Projeto Pirituba Samba na Universidade AM nesta ter\u00e7a, 24\/06"},"content":{"rendered":"<p>Acompanhe o <strong>Atra\u00e7\u00e3o Nacional<\/strong> de hoje, a partir das <strong>20h00<\/strong>, na programa\u00e7\u00e3o da <strong><a title=\"R\u00e1dio Universidade AM\" href=\"https:\/\/www.ufsm.br\/radio\" target=\"_blank\" rel=\"noopener\">R\u00e1dio Universidade AM<\/a><\/strong>.<\/p>\n<p><img fetchpriority=\"high\" decoding=\"async\" title=\"Projeto Pirituba Samba\" class=\"alignleft\" src=\"https:\/\/aprendizdomundo.com\/imagens2\/at_projetopiritubasamba.png\" alt=\"Projeto Pirituba Samba\" width=\"320\" height=\"320\" \/>A audi\u00e7\u00e3o desta noite destaca mais um nome do nosso elenco, tocando a obra gravada do <strong>Projeto Pirituba Samba<\/strong>. O projeto foi fundado em 12 de fevereiro de 2013, na regi\u00e3o noroeste da capital paulista, por Marcos Gabriel e Celso Rodrigues, m\u00fasicos h\u00e1 mais de trinta anos. Com sede no Parque Maria Domitila, no distrito de Pirituba, o projeto j\u00e1 promoveu in\u00fameras a\u00e7\u00f5es sociais e assistenciais.<\/p>\n<p>Em 2019, no \u00e2mbito da atua\u00e7\u00e3o musical do projeto, lan\u00e7aram o \u00e1lbum Projeto Pirituba Samba, reunindo cria\u00e7\u00f5es de compositores da regi\u00e3o e tamb\u00e9m regravando composi\u00e7\u00f5es de nomes consagrados como Luiz Ayr\u00e3o e Neguinho da Beija-Flor. E a participa\u00e7\u00e3o de importantes cantores, como Salgadinho, Alisson Souza do Samba, Reinaldo, Luiz Ayr\u00e3o e grupo Um Toque a Mais, entre outros. 80% das vendas do CD foram revertidas para as institui\u00e7\u00f5es assistenciais. O grupo base re\u00fane os m\u00fasicos Celsinho, C\u00f4, Wall Tossinan, Willian, Romarinho, Guinho Simpatia, Derly e Zezinho.<\/p>\n<p>A <strong>playlist<\/strong> que vamos ouvir \u00e9 a seguinte:<\/p>\n<p>Meu Samba \u00c9, com participa\u00e7\u00e3o de Reinaldo, o Pr\u00edncipe do Pagode<br \/>\nPorta Aberta, com participa\u00e7\u00e3o de Luiz Ayr\u00e3o<br \/>\nDeus me Livre, com participa\u00e7\u00e3o de Denny Gomes Negrodubom<br \/>\nMulata Faceira, com participa\u00e7\u00e3o de Chapinha da Vela<br \/>\nNegro, Chibata e Esperan\u00e7a, com participa\u00e7\u00e3o de Santaninha<br \/>\nValeu a Pena, com participa\u00e7\u00e3o do grupo Um Toque a Mais<br \/>\nMinha Op\u00e7\u00e3o, com participa\u00e7\u00e3o de Salgadinho<br \/>\nTe Convido pra Sambar, com participa\u00e7\u00e3o de Fernandinho SP<br \/>\nDel\u00edrios da Paix\u00e3o, com participa\u00e7\u00e3o de Alisson Souza do Samba<br \/>\nVov\u00f3 Fil\u00e9, com participa\u00e7\u00e3o de Neguinho da Beija-flor<br \/>\nA Raz\u00e3o, com participa\u00e7\u00e3o de Marcelo Guimar\u00e3es<br \/>\nMulher, com participa\u00e7\u00e3o de Nego SP<br \/>\nT\u00e1 de Brincadeira, com participa\u00e7\u00e3o de J\u00fanior &#038; Falc\u00e3o<br \/>\nTudo Valeu, com participa\u00e7\u00e3o de Sandrinho \u00e9 D+<br \/>\nMeu Samba \u00c9, com participa\u00e7\u00e3o de Reinaldo, o Pr\u00edncipe do Pagode, faixa em reprise<br \/>\nPorta Aberta, com participa\u00e7\u00e3o de Luiz Ayr\u00e3o, faixa em reprise<\/p>\n<p>O <strong>Atra\u00e7\u00e3o Nacional<\/strong> vai ao ar pela <strong>Universidade AM<\/strong>, de segunda a sexta, na faixa das 20h00 \u00e0s 21h00. A curadoria de elenco, dire\u00e7\u00e3o, pesquisa, produ\u00e7\u00e3o, sele\u00e7\u00e3o de repert\u00f3rio, reda\u00e7\u00e3o de texto, apresenta\u00e7\u00e3o e edi\u00e7\u00e3o \u00e9 de <strong><a title=\"Milton Oliveira\" target=\"_blank\" rel=\"noopener\" href=\"https:\/\/aprendizdomundo.com\/miltonoliveira\">Milton Oliveira<\/a><\/strong>.<\/p>\n<p>O programa pode ser ouvido pelos <strong>800 AM<\/strong>; pela home page da emissora, em <strong><a title=\"R\u00e1dio Universidade AM\" href=\"https:\/\/www.ufsm.br\/radio\" target=\"_blank\" rel=\"noopener\">ufsm.br\/radio<\/a><\/strong>; ou pelo smartphone, acessando seu aplicativo favorito.<\/p>\n<p>O <strong>Atra\u00e7\u00e3o Nacional<\/strong> tamb\u00e9m \u00e9 veiculado pela <strong><a title=\"R\u00e1dio Uni FM\" href=\"https:\/\/www.ufsm.br\/radio\" target=\"_blank\" rel=\"noopener\">Uni FM 107.9<\/a><\/strong>, de segunda a sexta, na faixa das 22h00 \u00e0s 23h00; pela <strong><a title=\"Resonance R\u00e1dio\" href=\"http:\/\/www.resonanceradio.com.br\/\" target=\"_blank\" rel=\"noopener\">Resonance R\u00e1dio<\/a><\/strong>, todo domingo, na faixa das 18h00 \u00e0s 19h00; e pela <strong><a title=\"R\u00e1dio Bloco\" href=\"http:\/\/www.radiobloco.net\/\" target=\"_blank\" rel=\"noopener\">R\u00e1dio Bloco<\/a><\/strong>, toda ter\u00e7a, na faixa das 17h00 \u00e0s 18h00. As audi\u00e7\u00f5es n\u00e3o s\u00e3o vinculadas, os destaques s\u00e3o sempre diferentes em cada emissora.<\/p>\n<p>Curta a fanpage do nosso programa em <strong><strong><a href=\"http:\/\/www.facebook.com\/atracaonacional\" target=\"_blank\" rel=\"noopener\" title=\"Atra\u00e7\u00e3o Nacional no Facebook\">facebook.com\/atracaonacional<\/a><\/strong><\/strong>.<\/p>\n","protected":false},"excerpt":{"rendered":"<p>Acompanhe o Atra\u00e7\u00e3o Nacional de hoje, a partir das 20h00, na programa\u00e7\u00e3o da R\u00e1dio Universidade AM. A audi\u00e7\u00e3o desta noite destaca mais um nome do nosso elenco, tocando a obra gravada do Projeto Pirituba Samba. O projeto foi fundado em 12 de fevereiro de 2013, na regi\u00e3o noroeste da capital paulista, por Marcos Gabriel e [&#8230;] <\/p>\n<p class=\"more-link-container\"><a href=\"https:\/\/aprendizdomundo.com\/portal\/2025\/06\/24\/atracaonacional1819\/\" class=\"more-link\">Read More<span class=\"screen-reader-text\"> &#8220;Projeto Pirituba Samba na Universidade AM nesta ter\u00e7a, 24\/06&#8221;<\/span><\/a><\/p>\n","protected":false},"author":1,"featured_media":47452,"comment_status":"closed","ping_status":"closed","sticky":false,"template":"","format":"standard","meta":{"_eb_attr":"","footnotes":""},"categories":[4],"tags":[49],"class_list":["post-47484","post","type-post","status-publish","format-standard","has-post-thumbnail","hentry","category-atracao","tag-musica-do-brasil"],"nelio_content":{"autoShareEndMode":"never","automationSources":{"useCustomSentences":false,"customSentences":[]},"efiAlt":"","efiUrl":"","followers":[1],"highlights":[],"isAutoShareEnabled":true,"networkImageIds":[],"permalinkQueryArgs":[],"series":[],"suggestedReferences":[]},"_links":{"self":[{"href":"https:\/\/aprendizdomundo.com\/portal\/wp-json\/wp\/v2\/posts\/47484","targetHints":{"allow":["GET"]}}],"collection":[{"href":"https:\/\/aprendizdomundo.com\/portal\/wp-json\/wp\/v2\/posts"}],"about":[{"href":"https:\/\/aprendizdomundo.com\/portal\/wp-json\/wp\/v2\/types\/post"}],"author":[{"embeddable":true,"href":"https:\/\/aprendizdomundo.com\/portal\/wp-json\/wp\/v2\/users\/1"}],"replies":[{"embeddable":true,"href":"https:\/\/aprendizdomundo.com\/portal\/wp-json\/wp\/v2\/comments?post=47484"}],"version-history":[{"count":1,"href":"https:\/\/aprendizdomundo.com\/portal\/wp-json\/wp\/v2\/posts\/47484\/revisions"}],"predecessor-version":[{"id":47485,"href":"https:\/\/aprendizdomundo.com\/portal\/wp-json\/wp\/v2\/posts\/47484\/revisions\/47485"}],"wp:featuredmedia":[{"embeddable":true,"href":"https:\/\/aprendizdomundo.com\/portal\/wp-json\/wp\/v2\/media\/47452"}],"wp:attachment":[{"href":"https:\/\/aprendizdomundo.com\/portal\/wp-json\/wp\/v2\/media?parent=47484"}],"wp:term":[{"taxonomy":"category","embeddable":true,"href":"https:\/\/aprendizdomundo.com\/portal\/wp-json\/wp\/v2\/categories?post=47484"},{"taxonomy":"post_tag","embeddable":true,"href":"https:\/\/aprendizdomundo.com\/portal\/wp-json\/wp\/v2\/tags?post=47484"}],"curies":[{"name":"wp","href":"https:\/\/api.w.org\/{rel}","templated":true}]}}