{"id":47488,"date":"2025-06-26T06:00:41","date_gmt":"2025-06-26T09:00:41","guid":{"rendered":"https:\/\/aprendizdomundo.com\/portal\/?p=47488"},"modified":"2025-06-09T11:01:08","modified_gmt":"2025-06-09T14:01:08","slug":"atracaonacional1821","status":"publish","type":"post","link":"https:\/\/aprendizdomundo.com\/portal\/2025\/06\/26\/atracaonacional1821\/","title":{"rendered":"Xana Gallo na Universidade AM nesta quinta, 26\/06"},"content":{"rendered":"<p>Acompanhe o <strong>Atra\u00e7\u00e3o Nacional<\/strong> de hoje, a partir das <strong>20h00<\/strong>, na programa\u00e7\u00e3o da <strong><a title=\"R\u00e1dio Universidade AM\" href=\"https:\/\/www.ufsm.br\/radio\" target=\"_blank\" rel=\"noopener\">R\u00e1dio Universidade AM<\/a><\/strong>.<\/p>\n<p><img fetchpriority=\"high\" decoding=\"async\" title=\"Xana Gallo\" class=\"alignleft\" src=\"https:\/\/aprendizdomundo.com\/imagens2\/at_xanagallo.jpg\" alt=\"Xana Gallo\" width=\"320\" height=\"320\" \/>A audi\u00e7\u00e3o desta noite destaca mais um nome do nosso elenco, tocando a obra gravada da cantora <strong>Xana Gallo<\/strong>. A compositora, cantora e soci\u00f3loga Xana Gallo \u00e9 natural de Pelotas. Desde a virada do s\u00e9culo se faz presente nos palcos do Rio Grande do Sul e Uruguai, onde j\u00e1 estrelou espet\u00e1culos em homenagem a grandes nomes da m\u00fasica brasileira, como Vinicius de Moraes, Cartola, Noel Rosa, Dona Ivone Lara, Elis Regina, Clara Nunes e Jo\u00e3o Nogueira. Atualmente vive na cidade do Rio de Janeiro. A estreia discogr\u00e1fica aconteceu em 2014, com o lan\u00e7amento do \u00e1lbum Mulheres, Sons, Liberdade.<\/p>\n<p>A <strong>playlist<\/strong> que vamos ouvir \u00e9 a seguinte:<\/p>\n<p>Poeta da Lua<br \/>\nL\u00e1 em Casa, em dueto com Diogo Strausz<br \/>\nAlvorada<br \/>\nPra Voc\u00ea (M\u00e3e)<br \/>\nJ\u00e1 Tenho um Novo Amor<br \/>\nRoda Rodou, em dueto com Diogo Strausz<br \/>\nDespertar<br \/>\nNada Sei<br \/>\nEu N\u00e3o Sei Dizer Tchau<br \/>\nCoisa de Puta, em dueto com Ottoni de Le\u00f3n<br \/>\nMeu Cora\u00e7\u00e3o me Acompanha<br \/>\nFantasma<br \/>\nMeu Mundo<br \/>\nMe Guia, V\u00f3 (Alzheimer)<br \/>\nAbra\u00e7o Caro<br \/>\nConversa de Botequim, em dueto com Hamilton Pereira<br \/>\nO Meu Tempo, em dueto com Eug\u00eanio Bassi<br \/>\nRota de Fuga<br \/>\nDe Verdade<\/p>\n<p>O <strong>Atra\u00e7\u00e3o Nacional<\/strong> vai ao ar pela <strong>Universidade AM<\/strong>, de segunda a sexta, na faixa das 20h00 \u00e0s 21h00. A curadoria de elenco, dire\u00e7\u00e3o, pesquisa, produ\u00e7\u00e3o, sele\u00e7\u00e3o de repert\u00f3rio, reda\u00e7\u00e3o de texto, apresenta\u00e7\u00e3o e edi\u00e7\u00e3o \u00e9 de <strong><a title=\"Milton Oliveira\" target=\"_blank\" rel=\"noopener\" href=\"https:\/\/aprendizdomundo.com\/miltonoliveira\">Milton Oliveira<\/a><\/strong>.<\/p>\n<p>O programa pode ser ouvido pelos <strong>800 AM<\/strong>; pela home page da emissora, em <strong><a title=\"R\u00e1dio Universidade AM\" href=\"https:\/\/www.ufsm.br\/radio\" target=\"_blank\" rel=\"noopener\">ufsm.br\/radio<\/a><\/strong>; ou pelo smartphone, acessando seu aplicativo favorito.<\/p>\n<p>O <strong>Atra\u00e7\u00e3o Nacional<\/strong> tamb\u00e9m \u00e9 veiculado pela <strong><a title=\"R\u00e1dio Uni FM\" href=\"https:\/\/www.ufsm.br\/radio\" target=\"_blank\" rel=\"noopener\">Uni FM 107.9<\/a><\/strong>, de segunda a sexta, na faixa das 22h00 \u00e0s 23h00; pela <strong><a title=\"Resonance R\u00e1dio\" href=\"http:\/\/www.resonanceradio.com.br\/\" target=\"_blank\" rel=\"noopener\">Resonance R\u00e1dio<\/a><\/strong>, todo domingo, na faixa das 18h00 \u00e0s 19h00; e pela <strong><a title=\"R\u00e1dio Bloco\" href=\"http:\/\/www.radiobloco.net\/\" target=\"_blank\" rel=\"noopener\">R\u00e1dio Bloco<\/a><\/strong>, toda ter\u00e7a, na faixa das 17h00 \u00e0s 18h00. As audi\u00e7\u00f5es n\u00e3o s\u00e3o vinculadas, os destaques s\u00e3o sempre diferentes em cada emissora.<\/p>\n<p>Curta a fanpage do nosso programa em <strong><strong><a href=\"http:\/\/www.facebook.com\/atracaonacional\" target=\"_blank\" rel=\"noopener\" title=\"Atra\u00e7\u00e3o Nacional no Facebook\">facebook.com\/atracaonacional<\/a><\/strong><\/strong>.<\/p>\n","protected":false},"excerpt":{"rendered":"<p>Acompanhe o Atra\u00e7\u00e3o Nacional de hoje, a partir das 20h00, na programa\u00e7\u00e3o da R\u00e1dio Universidade AM. A audi\u00e7\u00e3o desta noite destaca mais um nome do nosso elenco, tocando a obra gravada da cantora Xana Gallo. A compositora, cantora e soci\u00f3loga Xana Gallo \u00e9 natural de Pelotas. Desde a virada do s\u00e9culo se faz presente nos [&#8230;] <\/p>\n<p class=\"more-link-container\"><a href=\"https:\/\/aprendizdomundo.com\/portal\/2025\/06\/26\/atracaonacional1821\/\" class=\"more-link\">Read More<span class=\"screen-reader-text\"> &#8220;Xana Gallo na Universidade AM nesta quinta, 26\/06&#8221;<\/span><\/a><\/p>\n","protected":false},"author":1,"featured_media":47452,"comment_status":"closed","ping_status":"closed","sticky":false,"template":"","format":"standard","meta":{"_eb_attr":"","footnotes":""},"categories":[4],"tags":[49],"class_list":["post-47488","post","type-post","status-publish","format-standard","has-post-thumbnail","hentry","category-atracao","tag-musica-do-brasil"],"nelio_content":{"autoShareEndMode":"never","automationSources":{"useCustomSentences":false,"customSentences":[]},"efiAlt":"","efiUrl":"","followers":[1],"highlights":[],"isAutoShareEnabled":true,"networkImageIds":[],"permalinkQueryArgs":[],"series":[],"suggestedReferences":[]},"_links":{"self":[{"href":"https:\/\/aprendizdomundo.com\/portal\/wp-json\/wp\/v2\/posts\/47488","targetHints":{"allow":["GET"]}}],"collection":[{"href":"https:\/\/aprendizdomundo.com\/portal\/wp-json\/wp\/v2\/posts"}],"about":[{"href":"https:\/\/aprendizdomundo.com\/portal\/wp-json\/wp\/v2\/types\/post"}],"author":[{"embeddable":true,"href":"https:\/\/aprendizdomundo.com\/portal\/wp-json\/wp\/v2\/users\/1"}],"replies":[{"embeddable":true,"href":"https:\/\/aprendizdomundo.com\/portal\/wp-json\/wp\/v2\/comments?post=47488"}],"version-history":[{"count":1,"href":"https:\/\/aprendizdomundo.com\/portal\/wp-json\/wp\/v2\/posts\/47488\/revisions"}],"predecessor-version":[{"id":47489,"href":"https:\/\/aprendizdomundo.com\/portal\/wp-json\/wp\/v2\/posts\/47488\/revisions\/47489"}],"wp:featuredmedia":[{"embeddable":true,"href":"https:\/\/aprendizdomundo.com\/portal\/wp-json\/wp\/v2\/media\/47452"}],"wp:attachment":[{"href":"https:\/\/aprendizdomundo.com\/portal\/wp-json\/wp\/v2\/media?parent=47488"}],"wp:term":[{"taxonomy":"category","embeddable":true,"href":"https:\/\/aprendizdomundo.com\/portal\/wp-json\/wp\/v2\/categories?post=47488"},{"taxonomy":"post_tag","embeddable":true,"href":"https:\/\/aprendizdomundo.com\/portal\/wp-json\/wp\/v2\/tags?post=47488"}],"curies":[{"name":"wp","href":"https:\/\/api.w.org\/{rel}","templated":true}]}}