{"id":47492,"date":"2025-06-30T06:00:50","date_gmt":"2025-06-30T09:00:50","guid":{"rendered":"https:\/\/aprendizdomundo.com\/portal\/?p=47492"},"modified":"2025-06-09T11:02:19","modified_gmt":"2025-06-09T14:02:19","slug":"atracaonacional1823","status":"publish","type":"post","link":"https:\/\/aprendizdomundo.com\/portal\/2025\/06\/30\/atracaonacional1823\/","title":{"rendered":"Isaque Galv\u00e3o na Universidade AM nesta segunda, 30\/06"},"content":{"rendered":"<p>Acompanhe o <strong>Atra\u00e7\u00e3o Nacional<\/strong> de hoje, a partir das <strong>20h00<\/strong>, na programa\u00e7\u00e3o da <strong><a title=\"R\u00e1dio Universidade AM\" href=\"https:\/\/www.ufsm.br\/radio\" target=\"_blank\" rel=\"noopener\">R\u00e1dio Universidade AM<\/a><\/strong>.<\/p>\n<p><img fetchpriority=\"high\" decoding=\"async\" title=\"Isaque Galv\u00e3o\" class=\"alignleft\" src=\"https:\/\/aprendizdomundo.com\/imagens2\/at_isaquegalvao.jpg\" alt=\"Isaque Galv\u00e3o\" width=\"320\" height=\"320\" \/>A audi\u00e7\u00e3o desta noite destaca mais um nome do nosso elenco, tocando a obra gravada do cantor <strong>Isaque Galv\u00e3o<\/strong>. O compositor, cantor e ator Isaque Galv\u00e3o \u00e9 natural de Natal, capital do Rio Grande do Norte. Come\u00e7ou sua carreira fazendo teatro de rua com o Grupo Estandarte, nos anos 1990. Depois integrou a banda Brebote. Participou dos reality \u00cddolos 2, no SBT, em 2007; Qual \u00e9 o Seu Talento?, tamb\u00e9m no SBT; A Capella do Doming\u00e3o do Faust\u00e3o, na Globo; e M\u00e1quina da Fama, no SBT.<\/p>\n<p>Isaque j\u00e1 circulou em turn\u00eas pela Europa e Jap\u00e3o, e tamb\u00e9m foi agraciado com in\u00fameros pr\u00eamios de m\u00fasica. Em seus shows, \u00e9 acompanhado pela banda Los Canalhas. J\u00e1 esteve no elenco de mais de vinte musicais. A estreia discogr\u00e1fica aconteceu em 2002, com o lan\u00e7amento do \u00e1lbum L\u00edrio Verde.<\/p>\n<p>A <strong>playlist<\/strong> que vamos ouvir \u00e9 a seguinte:<\/p>\n<p>Linda e Selvagem<br \/>\nNosso Amor Est\u00e1 no Ar<br \/>\nImagina\u00e7\u00f5es<br \/>\nArrependimento, em dueto com Ramon Costa<br \/>\nAinda te Espero<br \/>\nDeixe de Manha<br \/>\nEla<br \/>\nTente Entender<br \/>\nTra\u00e7o de Brasilidade, em dueto com M\u00e1rio L\u00facio<br \/>\nReflexos<br \/>\nBaixe a Bola<br \/>\nAinda Bem<br \/>\nMorena<br \/>\nM\u00e3os<\/p>\n<p>O <strong>Atra\u00e7\u00e3o Nacional<\/strong> vai ao ar pela <strong>Universidade AM<\/strong>, de segunda a sexta, na faixa das 20h00 \u00e0s 21h00. A curadoria de elenco, dire\u00e7\u00e3o, pesquisa, produ\u00e7\u00e3o, sele\u00e7\u00e3o de repert\u00f3rio, reda\u00e7\u00e3o de texto, apresenta\u00e7\u00e3o e edi\u00e7\u00e3o \u00e9 de <strong><a title=\"Milton Oliveira\" target=\"_blank\" rel=\"noopener\" href=\"https:\/\/aprendizdomundo.com\/miltonoliveira\">Milton Oliveira<\/a><\/strong>.<\/p>\n<p>O programa pode ser ouvido pelos <strong>800 AM<\/strong>; pela home page da emissora, em <strong><a title=\"R\u00e1dio Universidade AM\" href=\"https:\/\/www.ufsm.br\/radio\" target=\"_blank\" rel=\"noopener\">ufsm.br\/radio<\/a><\/strong>; ou pelo smartphone, acessando seu aplicativo favorito.<\/p>\n<p>O <strong>Atra\u00e7\u00e3o Nacional<\/strong> tamb\u00e9m \u00e9 veiculado pela <strong><a title=\"R\u00e1dio Uni FM\" href=\"https:\/\/www.ufsm.br\/radio\" target=\"_blank\" rel=\"noopener\">Uni FM 107.9<\/a><\/strong>, de segunda a sexta, na faixa das 22h00 \u00e0s 23h00; pela <strong><a title=\"Resonance R\u00e1dio\" href=\"http:\/\/www.resonanceradio.com.br\/\" target=\"_blank\" rel=\"noopener\">Resonance R\u00e1dio<\/a><\/strong>, todo domingo, na faixa das 18h00 \u00e0s 19h00; e pela <strong><a title=\"R\u00e1dio Bloco\" href=\"http:\/\/www.radiobloco.net\/\" target=\"_blank\" rel=\"noopener\">R\u00e1dio Bloco<\/a><\/strong>, toda ter\u00e7a, na faixa das 17h00 \u00e0s 18h00. As audi\u00e7\u00f5es n\u00e3o s\u00e3o vinculadas, os destaques s\u00e3o sempre diferentes em cada emissora.<\/p>\n<p>Curta a fanpage do nosso programa em <strong><strong><a href=\"http:\/\/www.facebook.com\/atracaonacional\" target=\"_blank\" rel=\"noopener\" title=\"Atra\u00e7\u00e3o Nacional no Facebook\">facebook.com\/atracaonacional<\/a><\/strong><\/strong>.<\/p>\n","protected":false},"excerpt":{"rendered":"<p>Acompanhe o Atra\u00e7\u00e3o Nacional de hoje, a partir das 20h00, na programa\u00e7\u00e3o da R\u00e1dio Universidade AM. A audi\u00e7\u00e3o desta noite destaca mais um nome do nosso elenco, tocando a obra gravada do cantor Isaque Galv\u00e3o. O compositor, cantor e ator Isaque Galv\u00e3o \u00e9 natural de Natal, capital do Rio Grande do Norte. Come\u00e7ou sua carreira [&#8230;] <\/p>\n<p class=\"more-link-container\"><a href=\"https:\/\/aprendizdomundo.com\/portal\/2025\/06\/30\/atracaonacional1823\/\" class=\"more-link\">Read More<span class=\"screen-reader-text\"> &#8220;Isaque Galv\u00e3o na Universidade AM nesta segunda, 30\/06&#8221;<\/span><\/a><\/p>\n","protected":false},"author":1,"featured_media":47452,"comment_status":"closed","ping_status":"closed","sticky":false,"template":"","format":"standard","meta":{"_eb_attr":"","footnotes":""},"categories":[4],"tags":[49],"class_list":["post-47492","post","type-post","status-publish","format-standard","has-post-thumbnail","hentry","category-atracao","tag-musica-do-brasil"],"nelio_content":{"autoShareEndMode":"never","automationSources":{"useCustomSentences":false,"customSentences":[]},"efiAlt":"","efiUrl":"","followers":[1],"highlights":[],"isAutoShareEnabled":true,"networkImageIds":[],"permalinkQueryArgs":[],"series":[],"suggestedReferences":[]},"_links":{"self":[{"href":"https:\/\/aprendizdomundo.com\/portal\/wp-json\/wp\/v2\/posts\/47492","targetHints":{"allow":["GET"]}}],"collection":[{"href":"https:\/\/aprendizdomundo.com\/portal\/wp-json\/wp\/v2\/posts"}],"about":[{"href":"https:\/\/aprendizdomundo.com\/portal\/wp-json\/wp\/v2\/types\/post"}],"author":[{"embeddable":true,"href":"https:\/\/aprendizdomundo.com\/portal\/wp-json\/wp\/v2\/users\/1"}],"replies":[{"embeddable":true,"href":"https:\/\/aprendizdomundo.com\/portal\/wp-json\/wp\/v2\/comments?post=47492"}],"version-history":[{"count":1,"href":"https:\/\/aprendizdomundo.com\/portal\/wp-json\/wp\/v2\/posts\/47492\/revisions"}],"predecessor-version":[{"id":47493,"href":"https:\/\/aprendizdomundo.com\/portal\/wp-json\/wp\/v2\/posts\/47492\/revisions\/47493"}],"wp:featuredmedia":[{"embeddable":true,"href":"https:\/\/aprendizdomundo.com\/portal\/wp-json\/wp\/v2\/media\/47452"}],"wp:attachment":[{"href":"https:\/\/aprendizdomundo.com\/portal\/wp-json\/wp\/v2\/media?parent=47492"}],"wp:term":[{"taxonomy":"category","embeddable":true,"href":"https:\/\/aprendizdomundo.com\/portal\/wp-json\/wp\/v2\/categories?post=47492"},{"taxonomy":"post_tag","embeddable":true,"href":"https:\/\/aprendizdomundo.com\/portal\/wp-json\/wp\/v2\/tags?post=47492"}],"curies":[{"name":"wp","href":"https:\/\/api.w.org\/{rel}","templated":true}]}}