{"id":47512,"date":"2025-06-30T07:00:58","date_gmt":"2025-06-30T10:00:58","guid":{"rendered":"https:\/\/aprendizdomundo.com\/portal\/?p=47512"},"modified":"2025-06-09T11:08:27","modified_gmt":"2025-06-09T14:08:27","slug":"atracaonacionalnaunifm1718","status":"publish","type":"post","link":"https:\/\/aprendizdomundo.com\/portal\/2025\/06\/30\/atracaonacionalnaunifm1718\/","title":{"rendered":"El\u00f4 Gonzaga na Uni FM nesta segunda, 30\/06"},"content":{"rendered":"<p>Acompanhe o <strong>Atra\u00e7\u00e3o Nacional<\/strong> de hoje, a partir das <strong>22h00<\/strong>, pela <strong><a title=\"R\u00e1dio Uni FM\" href=\"https:\/\/www.ufsm.br\/radio\" target=\"_blank\" rel=\"noopener\">R\u00e1dio Uni FM<\/a><\/strong>.<\/p>\n<p><img fetchpriority=\"high\" decoding=\"async\" title=\"El\u00f4 Gonzaga\" class=\"alignleft\" src=\"https:\/\/aprendizdomundo.com\/imagens2\/at_elogonzaga.jpg\" alt=\"El\u00f4 Gonzaga\" width=\"320\" height=\"320\" \/>A audi\u00e7\u00e3o desta noite destaca mais um nome do nosso elenco, tocando a obra gravada da cantora <strong>El\u00f4 Gonzaga<\/strong>. A compositora, cantora, pesquisadora e educadora musical Eloisa Costa Gonzaga \u00e9 natural de Florian\u00f3polis. Tem gradua\u00e7\u00e3o em M\u00fasica e tamb\u00e9m Pedagogia pela Universidade Federal de Santa Catarina. \u00c9 mestra em M\u00fasica pela Universidade do Estado de Santa Catarina, onde cursa o doutorado na \u00e1rea. Conhecida artisticamente como El\u00f4 Gonzaga, come\u00e7ou sua carreira no grupo Novos Bambas. Em 2020, lan\u00e7ou seus primeiros singles da carreira solo. \u00c9 integrante da escola de samba Os Protegidos da Princesa.<\/p>\n<p>A <strong>playlist<\/strong> que vamos ouvir \u00e9 a seguinte:<\/p>\n<p>Feira de Mangaio<br \/>\nPortal pro Samba<br \/>\nLenda das Sereias<br \/>\nMeu Canto (As Damas do Samba), com participa\u00e7\u00e3o de Mulheres da Aldeia e Crian\u00e7as Convidadas<br \/>\nPoeira<br \/>\nEu s\u00f3 Quero um Xod\u00f3<br \/>\nSe Acaso Voc\u00ea Chegasse\/Chega, em vers\u00e3o ao vivo<br \/>\n300 Anos, em vers\u00e3o ao vivo<br \/>\nPra Declarar Minha Saudade<br \/>\nSorriso Aberto, em vers\u00e3o ao vivo<br \/>\nM\u00fasica Roubada, em dueto com Jona Poeta<br \/>\nFalsa Baiana\/Marinheiro S\u00f3\/Maracangalha, em vers\u00e3o ac\u00fastica ao vivo<br \/>\nFolhas no Ar<br \/>\nCurso do Amor<br \/>\nEu e Ela, em dueto com Diogo Medeiros<br \/>\nSemente<br \/>\nA Vida de Viajante<\/p>\n<p>O <strong>Atra\u00e7\u00e3o Nacional<\/strong> vai ao ar pela <strong>Uni FM<\/strong>, de segunda a sexta, na faixa das 22h00 \u00e0s 23h00. A curadoria de elenco, dire\u00e7\u00e3o, pesquisa, produ\u00e7\u00e3o, sele\u00e7\u00e3o de repert\u00f3rio, reda\u00e7\u00e3o de texto, apresenta\u00e7\u00e3o e edi\u00e7\u00e3o \u00e9 de <strong><a title=\"Milton Oliveira\" target=\"_blank\" rel=\"noopener\" href=\"https:\/\/aprendizdomundo.com\/miltonoliveira\">Milton Oliveira<\/a><\/strong>.<\/p>\n<p>O programa pode ser ouvido pelos <strong>107.9 FM<\/strong>; pela home page da emissora, em <strong><a title=\"R\u00e1dio Uni FM\" href=\"https:\/\/www.ufsm.br\/radio\" target=\"_blank\" rel=\"noopener\">ufsm.br\/radio<\/a><\/strong>; ou pelo smartphone, acessando seu aplicativo favorito.<\/p>\n<p>O <strong>Atra\u00e7\u00e3o Nacional<\/strong> tamb\u00e9m \u00e9 veiculado pela <strong><a title=\"R\u00e1dio Universidade AM\" href=\"https:\/\/www.ufsm.br\/radio\" target=\"_blank\" rel=\"noopener\">Universidade 800 AM<\/a><\/strong>, de segunda a sexta, na faixa das 20h00 \u00e0s 21h00; pela <strong><a title=\"Resonance R\u00e1dio\" href=\"http:\/\/www.resonanceradio.com.br\/\" target=\"_blank\" rel=\"noopener\">Resonance R\u00e1dio<\/a><\/strong>, todo domingo, na faixa das 18h00 \u00e0s 19h00; e pela <strong><a title=\"R\u00e1dio Bloco\" href=\"http:\/\/www.radiobloco.net\/\" target=\"_blank\" rel=\"noopener\">R\u00e1dio Bloco<\/a><\/strong>, toda ter\u00e7a, na faixa das 17h00 \u00e0s 18h00. As audi\u00e7\u00f5es n\u00e3o s\u00e3o vinculadas, os destaques s\u00e3o sempre diferentes em cada emissora.<\/p>\n<p>Curta a fanpage do nosso programa em <strong><strong><a href=\"http:\/\/www.facebook.com\/atracaonacional\" target=\"_blank\" rel=\"noopener\" title=\"Atra\u00e7\u00e3o Nacional no Facebook\">facebook.com\/atracaonacional<\/a><\/strong><\/strong>.<\/p>\n","protected":false},"excerpt":{"rendered":"<p>Acompanhe o Atra\u00e7\u00e3o Nacional de hoje, a partir das 22h00, pela R\u00e1dio Uni FM. A audi\u00e7\u00e3o desta noite destaca mais um nome do nosso elenco, tocando a obra gravada da cantora El\u00f4 Gonzaga. A compositora, cantora, pesquisadora e educadora musical Eloisa Costa Gonzaga \u00e9 natural de Florian\u00f3polis. Tem gradua\u00e7\u00e3o em M\u00fasica e tamb\u00e9m Pedagogia pela [&#8230;] <\/p>\n<p class=\"more-link-container\"><a href=\"https:\/\/aprendizdomundo.com\/portal\/2025\/06\/30\/atracaonacionalnaunifm1718\/\" class=\"more-link\">Read More<span class=\"screen-reader-text\"> &#8220;El\u00f4 Gonzaga na Uni FM nesta segunda, 30\/06&#8221;<\/span><\/a><\/p>\n","protected":false},"author":1,"featured_media":47452,"comment_status":"closed","ping_status":"closed","sticky":false,"template":"","format":"standard","meta":{"_eb_attr":"","footnotes":""},"categories":[4],"tags":[49],"class_list":["post-47512","post","type-post","status-publish","format-standard","has-post-thumbnail","hentry","category-atracao","tag-musica-do-brasil"],"nelio_content":{"autoShareEndMode":"never","automationSources":{"useCustomSentences":false,"customSentences":[]},"efiAlt":"","efiUrl":"","followers":[1],"highlights":[],"isAutoShareEnabled":true,"networkImageIds":[],"permalinkQueryArgs":[],"series":[],"suggestedReferences":[]},"_links":{"self":[{"href":"https:\/\/aprendizdomundo.com\/portal\/wp-json\/wp\/v2\/posts\/47512","targetHints":{"allow":["GET"]}}],"collection":[{"href":"https:\/\/aprendizdomundo.com\/portal\/wp-json\/wp\/v2\/posts"}],"about":[{"href":"https:\/\/aprendizdomundo.com\/portal\/wp-json\/wp\/v2\/types\/post"}],"author":[{"embeddable":true,"href":"https:\/\/aprendizdomundo.com\/portal\/wp-json\/wp\/v2\/users\/1"}],"replies":[{"embeddable":true,"href":"https:\/\/aprendizdomundo.com\/portal\/wp-json\/wp\/v2\/comments?post=47512"}],"version-history":[{"count":1,"href":"https:\/\/aprendizdomundo.com\/portal\/wp-json\/wp\/v2\/posts\/47512\/revisions"}],"predecessor-version":[{"id":47513,"href":"https:\/\/aprendizdomundo.com\/portal\/wp-json\/wp\/v2\/posts\/47512\/revisions\/47513"}],"wp:featuredmedia":[{"embeddable":true,"href":"https:\/\/aprendizdomundo.com\/portal\/wp-json\/wp\/v2\/media\/47452"}],"wp:attachment":[{"href":"https:\/\/aprendizdomundo.com\/portal\/wp-json\/wp\/v2\/media?parent=47512"}],"wp:term":[{"taxonomy":"category","embeddable":true,"href":"https:\/\/aprendizdomundo.com\/portal\/wp-json\/wp\/v2\/categories?post=47512"},{"taxonomy":"post_tag","embeddable":true,"href":"https:\/\/aprendizdomundo.com\/portal\/wp-json\/wp\/v2\/tags?post=47512"}],"curies":[{"name":"wp","href":"https:\/\/api.w.org\/{rel}","templated":true}]}}