{"id":47514,"date":"2025-06-21T06:00:13","date_gmt":"2025-06-21T09:00:13","guid":{"rendered":"https:\/\/aprendizdomundo.com\/portal\/?p=47514"},"modified":"2025-06-10T10:11:57","modified_gmt":"2025-06-10T13:11:57","slug":"calhandranativa198","status":"publish","type":"post","link":"https:\/\/aprendizdomundo.com\/portal\/2025\/06\/21\/calhandranativa198\/","title":{"rendered":"Calhandra Nativa na Universidade AM neste s\u00e1bado, 21\/06"},"content":{"rendered":"<p><img fetchpriority=\"high\" decoding=\"async\" class=\"alignleft\" title=\"Calhandra Nativa\" src=\"https:\/\/aprendizdomundo.com\/imagens\/marca800_calhandra.png\" alt=\"Calhandra Nativa\" width=\"320\" height=\"320\" \/>Acompanhe o <strong>Calhandra Nativa<\/strong> neste s\u00e1bado, a partir das <strong>17h00<\/strong>, pela <strong>R\u00e1dio Universidade AM<\/strong>.<\/p>\n<p>A sele\u00e7\u00e3o de m\u00fasicas escolhidas para a audi\u00e7\u00e3o desta semana \u00e9 a seguinte:<\/p>\n<p>Vin\u00edcius Brum &#8211; Os C\u00e3es Danados da Milonga<br \/>\nFl\u00e1vio Hanssen &#8211; Vest\u00edgios<br \/>\nDaniel Cannes &#8211; Solo Sagrado<br \/>\nJuliano Javoski &#8211; No Galp\u00e3o da Alma<br \/>\nJairo Lambari Fernandes &#8211; Um Sonho Para Viver<br \/>\nAdair de Freitas &#8211; Pampeano<br \/>\nRog\u00e9rio Melo e Joca Martins &#8211; Entre o Galp\u00e3o e a Mangueira<br \/>\nDante Ramon Ledesma &#8211; Negro da Gaita<br \/>\nShana Muller &#8211; Geadas<br \/>\nElton Saldanha e Rui Biriva &#8211; Paraguaita<br \/>\nLuiz Marenco &#8211; De Volta de uma Tropeada<br \/>\nWilson Paim &#8211; Domingo de Inverno<br \/>\nGrupo de Alma Ga\u00facha &#8211; Na Sinfonia dos Arreios<br \/>\nPirisca Grecco &#8211; De Cima do Arreio<br \/>\nJeferson de Almeida &#8211; Tropeada de Lebre<br \/>\nLeopoldo Rassier &#8211; Camperiando a Vida<br \/>\nGrupo Mate Novo &#8211; Meu Cusco<br \/>\nCristiano Fantinel e Nilton Ferreira &#8211; Assim no Osso do Peito<br \/>\nAdemar Pereira e \u00c9rlon P\u00e9ricles &#8211; Pra Quem Tem Amigos, em vers\u00e3o ao vivo<br \/>\nJo\u00e3o de Almeida Neto &#8211; O Rumo do Tempo<br \/>\nLeonardo Paim &#8211; Metamorfoses<br \/>\nAnalise Severo e Juliana Spanevello &#8211; Meu Ranchinho<br \/>\nLuiz Carlos Borges &#8211; Tropa de Osso<br \/>\nNenito Sarturi e Os Campeadores &#8211; Um Pito<br \/>\nJo\u00e3o Chagas Leite &#8211; Ba\u00fa de Mascates<br \/>\nJari Terres &#8211; Filosofia de Galp\u00e3o<br \/>\nMiguel Bicca e Sabani Felipe de Souza &#8211; Tropeada<br \/>\nMiguel Marques &#8211; Cavalo Crioulo<br \/>\nMaur\u00edcio Rigon e M\u00e1rcio Corr\u00eaa &#8211; Embretados<br \/>\nC\u00e9sar Lindemeyer &#8211; Prosa<br \/>\nOristela Alves &#8211; A Flor do Chamam\u00e9<br \/>\nJ\u00falio Saldanha &#8211; Os Olhos da Noite<br \/>\nJos\u00e9 Cl\u00e1udio Machado &#8211; Batendo Casco<br \/>\nDaniel Torres e Os Posteiros &#8211; De em P\u00ealo<br \/>\nC\u00e9sar Passarinho &#8211; Milongueando Essas Lembran\u00e7as Tuas<br \/>\nOs Monarcas &#8211; Campeiro do Rio Grande<br \/>\nNeto Fagundes &#8211; L\u00e1stima<br \/>\nOs Fagundes &#8211; Origens<br \/>\nJorge Guedes &#8211; Costeira<br \/>\n\u00c9rlon P\u00e9ricles &#8211; Aqui no Sul \u00e9 Assim<br \/>\nLuiz Marenco e Miguel Marques &#8211; Ritual da Fronteira<br \/>\nCristiano Quevedo &#8211; Bem na Porteira<br \/>\nArthur Mattos e Eder Goulart &#8211; Muitos Cap\u00f5es \u00e9 Assim<\/p>\n<p><strong><a title=\"Calhandra Nativa\" href=\"https:\/\/aprendizdomundo.com\/portal\/radio\/programas\/calhandra\/\">Calhandra Nativa<\/a><\/strong> \u00e9 um programa dedicado exclusivamente \u00e0 execu\u00e7\u00e3o de can\u00e7\u00f5es nativistas ga\u00fachas.<\/p>\n<p>A atra\u00e7\u00e3o vai ao ar pela <strong>Universidade AM<\/strong>, todo s\u00e1bado, na faixa das 17h00 \u00e0s 20h00. A pesquisa, produ\u00e7\u00e3o, sele\u00e7\u00e3o de repert\u00f3rio e edi\u00e7\u00e3o \u00e9 de <strong><a title=\"Milton Oliveira\" target=\"_blank\" rel=\"noopener\" href=\"https:\/\/aprendizdomundo.com\/miltonoliveira\">Milton Oliveira<\/a><\/strong>.<\/p>\n<p>O programa pode ser ouvido pelos <strong>800 AM<\/strong>, pelo <strong><a title=\"R\u00e1dio Universidade AM\" href=\"https:\/\/www.ufsm.br\/radio\" target=\"_blank\" rel=\"noopener\">site da emissora<\/a><\/strong> ou pelo smartphone, acessando seu aplicativo favorito.<\/p>\n","protected":false},"excerpt":{"rendered":"<p>Acompanhe o Calhandra Nativa neste s\u00e1bado, a partir das 17h00, pela R\u00e1dio Universidade AM. A sele\u00e7\u00e3o de m\u00fasicas escolhidas para a audi\u00e7\u00e3o desta semana \u00e9 a seguinte: Vin\u00edcius Brum &#8211; Os C\u00e3es Danados da Milonga Fl\u00e1vio Hanssen &#8211; Vest\u00edgios Daniel Cannes &#8211; Solo Sagrado Juliano Javoski &#8211; No Galp\u00e3o da Alma Jairo Lambari Fernandes &#8211; [&#8230;] <\/p>\n<p class=\"more-link-container\"><a href=\"https:\/\/aprendizdomundo.com\/portal\/2025\/06\/21\/calhandranativa198\/\" class=\"more-link\">Read More<span class=\"screen-reader-text\"> &#8220;Calhandra Nativa na Universidade AM neste s\u00e1bado, 21\/06&#8221;<\/span><\/a><\/p>\n","protected":false},"author":1,"featured_media":47451,"comment_status":"closed","ping_status":"closed","sticky":false,"template":"","format":"standard","meta":{"_eb_attr":"","footnotes":""},"categories":[7],"tags":[56],"class_list":["post-47514","post","type-post","status-publish","format-standard","has-post-thumbnail","hentry","category-calhandra","tag-musica-nativista"],"nelio_content":{"autoShareEndMode":"never","automationSources":{"useCustomSentences":false,"customSentences":[]},"efiAlt":"","efiUrl":"","followers":[1],"highlights":[],"isAutoShareEnabled":true,"networkImageIds":[],"permalinkQueryArgs":[],"series":[],"suggestedReferences":[]},"_links":{"self":[{"href":"https:\/\/aprendizdomundo.com\/portal\/wp-json\/wp\/v2\/posts\/47514","targetHints":{"allow":["GET"]}}],"collection":[{"href":"https:\/\/aprendizdomundo.com\/portal\/wp-json\/wp\/v2\/posts"}],"about":[{"href":"https:\/\/aprendizdomundo.com\/portal\/wp-json\/wp\/v2\/types\/post"}],"author":[{"embeddable":true,"href":"https:\/\/aprendizdomundo.com\/portal\/wp-json\/wp\/v2\/users\/1"}],"replies":[{"embeddable":true,"href":"https:\/\/aprendizdomundo.com\/portal\/wp-json\/wp\/v2\/comments?post=47514"}],"version-history":[{"count":1,"href":"https:\/\/aprendizdomundo.com\/portal\/wp-json\/wp\/v2\/posts\/47514\/revisions"}],"predecessor-version":[{"id":47515,"href":"https:\/\/aprendizdomundo.com\/portal\/wp-json\/wp\/v2\/posts\/47514\/revisions\/47515"}],"wp:featuredmedia":[{"embeddable":true,"href":"https:\/\/aprendizdomundo.com\/portal\/wp-json\/wp\/v2\/media\/47451"}],"wp:attachment":[{"href":"https:\/\/aprendizdomundo.com\/portal\/wp-json\/wp\/v2\/media?parent=47514"}],"wp:term":[{"taxonomy":"category","embeddable":true,"href":"https:\/\/aprendizdomundo.com\/portal\/wp-json\/wp\/v2\/categories?post=47514"},{"taxonomy":"post_tag","embeddable":true,"href":"https:\/\/aprendizdomundo.com\/portal\/wp-json\/wp\/v2\/tags?post=47514"}],"curies":[{"name":"wp","href":"https:\/\/api.w.org\/{rel}","templated":true}]}}