{"id":47571,"date":"2025-06-21T00:05:54","date_gmt":"2025-06-21T03:05:54","guid":{"rendered":"https:\/\/aprendizdomundo.com\/portal\/?p=47571"},"modified":"2025-06-12T11:06:28","modified_gmt":"2025-06-12T14:06:28","slug":"geracaobrasileira288","status":"publish","type":"post","link":"https:\/\/aprendizdomundo.com\/portal\/2025\/06\/21\/geracaobrasileira288\/","title":{"rendered":"Gera\u00e7\u00e3o Brasileira nos 800 AM neste s\u00e1bado, 21\/06"},"content":{"rendered":"<p><img fetchpriority=\"high\" decoding=\"async\" class=\"alignleft\" title=\"Gera\u00e7\u00e3o Brasileira\" src=\"https:\/\/aprendizdomundo.com\/imagens\/marca800_geracaobrasileira.png\" alt=\"Gera\u00e7\u00e3o Brasileira\" width=\"320\" height=\"320\" \/>Acompanhe o <strong>Gera\u00e7\u00e3o Brasileira<\/strong> neste s\u00e1bado, a partir das <strong>07h00<\/strong>, pela <strong>R\u00e1dio Universidade AM<\/strong>.<\/p>\n<p>A audi\u00e7\u00e3o desta semana re\u00fane o seguinte repert\u00f3rio:<\/p>\n<p>Renato e Seus Blue Caps &#8211; Meu Primeiro Amor<br \/>\nDiana Pequeno &#8211; Sentimento Meu<br \/>\nBlitz &#8211; Choveu<br \/>\nZeca Pagodinho &#8211; Verdade<br \/>\nQuarteto em Cy &#8211; Favela<br \/>\nSimone &#8211; Come\u00e7aria Tudo Outra Vez<br \/>\nLeila Pinheiro &#8211; Sambadouro<br \/>\nRita Lee &#8211; Eu e Meu Gato<br \/>\nNoite Ilustrada &#8211; For\u00e7as Para Caminhar<br \/>\nMilton Banana Trio &#8211; Saco de Feij\u00e3o<br \/>\nAlceu Valen\u00e7a &#8211; Como Dois Animais<br \/>\nP.O. Box &#8211; Papo de Jacar\u00e9<br \/>\nZez\u00e9 Motta &#8211; Ai de Mim<br \/>\nChico da Silva &#8211; Jurei<br \/>\nSandy e Junior &#8211; As Quatro Esta\u00e7\u00f5es<br \/>\nCassiano &#8211; De Bar em Bar<br \/>\nFren\u00e9ticas &#8211; Vingativa<br \/>\nBeto Guedes &#8211; Maria Solid\u00e1ria<br \/>\nMartinha &#8211; Pior Pra Voc\u00ea, Bem Pior Pra Mim<br \/>\nLegi\u00e3o Urbana &#8211; O Livro dos Dias<br \/>\nVeronica Sabino e Roberto Menescal &#8211; Doralice<br \/>\nGonzaguinha &#8211; Recado<br \/>\nTrio Los Angeles &#8211; Sangue Latino<br \/>\nIvan Lins &#8211; Daquilo Que Eu Sei<br \/>\nJair Rodrigues &#8211; Viva Meu Samba<br \/>\nElis Regina &#8211; Fechado Pra Balan\u00e7o<br \/>\nTrio Mocot\u00f3 &#8211; Marinella<br \/>\nYahoo! &#8211; Anjo<br \/>\nThe Fevers &#8211; Voc\u00ea me Acende<br \/>\nGolden Boys &#8211; Algu\u00e9m na Multid\u00e3o<br \/>\nJess\u00e9 &#8211; O Sal da Terra<br \/>\nBanda Eva &#8211; Beleza Rara<br \/>\nMilton Nascimento &#8211; Para Lennon e McCartney<\/p>\n<p><strong><a title=\"Gera\u00e7\u00e3o Brasileira\" href=\"https:\/\/aprendizdomundo.com\/portal\/radio\/programas\/geracao\/\">Gera\u00e7\u00e3o Brasileira<\/a><\/strong> \u00e9 um programa voltado \u00e0 execu\u00e7\u00e3o de can\u00e7\u00f5es brasileiras contempor\u00e2neas, reunindo sucessos das d\u00e9cadas de 1960 a 1990.<\/p>\n<p>A atra\u00e7\u00e3o vai ao ar pela <strong>Universidade AM<\/strong>, todo s\u00e1bado, na faixa das 07h00 \u00e0s 09h00. A pesquisa, produ\u00e7\u00e3o, sele\u00e7\u00e3o de repert\u00f3rio e edi\u00e7\u00e3o \u00e9 de <strong><a title=\"Milton Oliveira\" target=\"_blank\" rel=\"noopener\" href=\"https:\/\/aprendizdomundo.com\/miltonoliveira\">Milton Oliveira<\/a><\/strong>.<\/p>\n<p>O programa pode ser ouvido pelos <strong>800 AM<\/strong>, pelo <strong><a title=\"R\u00e1dio Universidade AM\" href=\"https:\/\/www.ufsm.br\/radio\" target=\"_blank\" rel=\"noopener\">site da emissora<\/a><\/strong> ou pelo smartphone, acessando seu aplicativo favorito.<\/p>\n","protected":false},"excerpt":{"rendered":"<p>Acompanhe o Gera\u00e7\u00e3o Brasileira neste s\u00e1bado, a partir das 07h00, pela R\u00e1dio Universidade AM. A audi\u00e7\u00e3o desta semana re\u00fane o seguinte repert\u00f3rio: Renato e Seus Blue Caps &#8211; Meu Primeiro Amor Diana Pequeno &#8211; Sentimento Meu Blitz &#8211; Choveu Zeca Pagodinho &#8211; Verdade Quarteto em Cy &#8211; Favela Simone &#8211; Come\u00e7aria Tudo Outra Vez Leila [&#8230;] <\/p>\n<p class=\"more-link-container\"><a href=\"https:\/\/aprendizdomundo.com\/portal\/2025\/06\/21\/geracaobrasileira288\/\" class=\"more-link\">Read More<span class=\"screen-reader-text\"> &#8220;Gera\u00e7\u00e3o Brasileira nos 800 AM neste s\u00e1bado, 21\/06&#8221;<\/span><\/a><\/p>\n","protected":false},"author":1,"featured_media":47446,"comment_status":"closed","ping_status":"closed","sticky":false,"template":"","format":"standard","meta":{"_eb_attr":"","footnotes":""},"categories":[14],"tags":[32],"class_list":["post-47571","post","type-post","status-publish","format-standard","has-post-thumbnail","hentry","category-geracaobrasileira","tag-cancoes-do-brasil"],"nelio_content":{"autoShareEndMode":"never","automationSources":{"useCustomSentences":false,"customSentences":[]},"efiAlt":"","efiUrl":"","followers":[1],"highlights":[],"isAutoShareEnabled":true,"networkImageIds":[],"permalinkQueryArgs":[],"series":[],"suggestedReferences":[]},"_links":{"self":[{"href":"https:\/\/aprendizdomundo.com\/portal\/wp-json\/wp\/v2\/posts\/47571","targetHints":{"allow":["GET"]}}],"collection":[{"href":"https:\/\/aprendizdomundo.com\/portal\/wp-json\/wp\/v2\/posts"}],"about":[{"href":"https:\/\/aprendizdomundo.com\/portal\/wp-json\/wp\/v2\/types\/post"}],"author":[{"embeddable":true,"href":"https:\/\/aprendizdomundo.com\/portal\/wp-json\/wp\/v2\/users\/1"}],"replies":[{"embeddable":true,"href":"https:\/\/aprendizdomundo.com\/portal\/wp-json\/wp\/v2\/comments?post=47571"}],"version-history":[{"count":1,"href":"https:\/\/aprendizdomundo.com\/portal\/wp-json\/wp\/v2\/posts\/47571\/revisions"}],"predecessor-version":[{"id":47572,"href":"https:\/\/aprendizdomundo.com\/portal\/wp-json\/wp\/v2\/posts\/47571\/revisions\/47572"}],"wp:featuredmedia":[{"embeddable":true,"href":"https:\/\/aprendizdomundo.com\/portal\/wp-json\/wp\/v2\/media\/47446"}],"wp:attachment":[{"href":"https:\/\/aprendizdomundo.com\/portal\/wp-json\/wp\/v2\/media?parent=47571"}],"wp:term":[{"taxonomy":"category","embeddable":true,"href":"https:\/\/aprendizdomundo.com\/portal\/wp-json\/wp\/v2\/categories?post=47571"},{"taxonomy":"post_tag","embeddable":true,"href":"https:\/\/aprendizdomundo.com\/portal\/wp-json\/wp\/v2\/tags?post=47571"}],"curies":[{"name":"wp","href":"https:\/\/api.w.org\/{rel}","templated":true}]}}