{"id":47587,"date":"2025-06-30T03:00:39","date_gmt":"2025-06-30T06:00:39","guid":{"rendered":"https:\/\/aprendizdomundo.com\/portal\/?p=47587"},"modified":"2025-06-12T11:12:16","modified_gmt":"2025-06-12T14:12:16","slug":"femina2108","status":"publish","type":"post","link":"https:\/\/aprendizdomundo.com\/portal\/2025\/06\/30\/femina2108\/","title":{"rendered":"Femina na programa\u00e7\u00e3o da Universidade AM, 30\/06"},"content":{"rendered":"<p><img fetchpriority=\"high\" decoding=\"async\" class=\"alignleft\" title=\"Femina\" src=\"https:\/\/aprendizdomundo.com\/imagens\/marca800_femina.png\" alt=\"Femina\" width=\"320\" height=\"320\" \/>Acompanhe o <strong>Femina<\/strong> de hoje, a partir das <strong>14h00<\/strong>, pela <strong><a title=\"R\u00e1dio Universidade AM\" href=\"https:\/\/www.ufsm.br\/radio\" target=\"_blank\" rel=\"noopener\">R\u00e1dio Universidade AM<\/a><\/strong>.<\/p>\n<p>A sele\u00e7\u00e3o musical programada \u00e9 a seguinte:<\/p>\n<p>Cris Delanno &#8211; Diz Que Fui Por A\u00ed<br \/>\nAna Paula Lopes &#8211; Sinh\u00f4 do Tempo<br \/>\nM\u00e1rcia Castro &#8211; Preta Pretinha<br \/>\nB\u00e1rbara Marques &#8211; Erros Perfeitos<br \/>\nLuana Carvalho &#8211; Pau-Brasil<br \/>\nVania Abreu &#8211; Misteriosa Dona Esperan\u00e7a<br \/>\nAnabela Leandro &#8211; Bicicleta Ruidosa<br \/>\nCarmen Queiroz &#8211; Luxuosas Manhas<br \/>\nRoseli Martins &#8211; P\u00e1ssaro S\u00f3<br \/>\nMaria Alcina &#8211; O Drama<br \/>\nValeria Oliveira &#8211; Em Boa Hora<br \/>\nNina Becker &#8211; Kawaii<br \/>\nDorina &#8211; Nascente de uma Semente<br \/>\nBruna Mendez &#8211; Calor, Sol e Sal<br \/>\nDani Gurgel &#8211; Festa de Santo<br \/>\nLeci Brand\u00e3o &#8211; Folhas Secas<br \/>\nBruna Caram &#8211; Agora Sim<\/p>\n<p><strong><a title=\"Femina\" href=\"https:\/\/aprendizdomundo.com\/portal\/radio\/programas\/femina\/\">Femina<\/a><\/strong> \u00e9 um programa voltado \u00e0 execu\u00e7\u00e3o de cantoras brasileiras contempor\u00e2neas, reunindo grava\u00e7\u00f5es dos anos 1980 \u00e0 atualidade, dando aten\u00e7\u00e3o especial \u00e0s novas vozes da nossa m\u00fasica.<\/p>\n<p>A produ\u00e7\u00e3o vai ao ar pela <strong>Universidade AM<\/strong>, de segunda a sexta, na faixa das 14h00 \u00e0s 15h00. A pesquisa, produ\u00e7\u00e3o, sele\u00e7\u00e3o de repert\u00f3rio e edi\u00e7\u00e3o \u00e9 de <strong><a title=\"Milton Oliveira\" target=\"_blank\" rel=\"noopener\" href=\"https:\/\/aprendizdomundo.com\/miltonoliveira\">Milton Oliveira<\/a><\/strong>.<\/p>\n<p>O programa pode ser ouvido pelos <strong>800 AM<\/strong>, pelo <strong><a title=\"R\u00e1dio Universidade AM\" href=\"https:\/\/www.ufsm.br\/radio\" target=\"_blank\" rel=\"noopener\">site da emissora<\/a><\/strong> ou pelo smartphone, acessando seu aplicativo favorito.<\/p>\n","protected":false},"excerpt":{"rendered":"<p>Acompanhe o Femina de hoje, a partir das 14h00, pela R\u00e1dio Universidade AM. A sele\u00e7\u00e3o musical programada \u00e9 a seguinte: Cris Delanno &#8211; Diz Que Fui Por A\u00ed Ana Paula Lopes &#8211; Sinh\u00f4 do Tempo M\u00e1rcia Castro &#8211; Preta Pretinha B\u00e1rbara Marques &#8211; Erros Perfeitos Luana Carvalho &#8211; Pau-Brasil Vania Abreu &#8211; Misteriosa Dona Esperan\u00e7a [&#8230;] <\/p>\n<p class=\"more-link-container\"><a href=\"https:\/\/aprendizdomundo.com\/portal\/2025\/06\/30\/femina2108\/\" class=\"more-link\">Read More<span class=\"screen-reader-text\"> &#8220;Femina na programa\u00e7\u00e3o da Universidade AM, 30\/06&#8221;<\/span><\/a><\/p>\n","protected":false},"author":1,"featured_media":47447,"comment_status":"closed","ping_status":"closed","sticky":false,"template":"","format":"standard","meta":{"_eb_attr":"","footnotes":""},"categories":[13],"tags":[34],"class_list":["post-47587","post","type-post","status-publish","format-standard","has-post-thumbnail","hentry","category-femina","tag-femina"],"nelio_content":{"autoShareEndMode":"never","automationSources":{"useCustomSentences":false,"customSentences":[]},"efiAlt":"","efiUrl":"","followers":[1],"highlights":[],"isAutoShareEnabled":true,"networkImageIds":[],"permalinkQueryArgs":[],"series":[],"suggestedReferences":[]},"_links":{"self":[{"href":"https:\/\/aprendizdomundo.com\/portal\/wp-json\/wp\/v2\/posts\/47587","targetHints":{"allow":["GET"]}}],"collection":[{"href":"https:\/\/aprendizdomundo.com\/portal\/wp-json\/wp\/v2\/posts"}],"about":[{"href":"https:\/\/aprendizdomundo.com\/portal\/wp-json\/wp\/v2\/types\/post"}],"author":[{"embeddable":true,"href":"https:\/\/aprendizdomundo.com\/portal\/wp-json\/wp\/v2\/users\/1"}],"replies":[{"embeddable":true,"href":"https:\/\/aprendizdomundo.com\/portal\/wp-json\/wp\/v2\/comments?post=47587"}],"version-history":[{"count":1,"href":"https:\/\/aprendizdomundo.com\/portal\/wp-json\/wp\/v2\/posts\/47587\/revisions"}],"predecessor-version":[{"id":47588,"href":"https:\/\/aprendizdomundo.com\/portal\/wp-json\/wp\/v2\/posts\/47587\/revisions\/47588"}],"wp:featuredmedia":[{"embeddable":true,"href":"https:\/\/aprendizdomundo.com\/portal\/wp-json\/wp\/v2\/media\/47447"}],"wp:attachment":[{"href":"https:\/\/aprendizdomundo.com\/portal\/wp-json\/wp\/v2\/media?parent=47587"}],"wp:term":[{"taxonomy":"category","embeddable":true,"href":"https:\/\/aprendizdomundo.com\/portal\/wp-json\/wp\/v2\/categories?post=47587"},{"taxonomy":"post_tag","embeddable":true,"href":"https:\/\/aprendizdomundo.com\/portal\/wp-json\/wp\/v2\/tags?post=47587"}],"curies":[{"name":"wp","href":"https:\/\/api.w.org\/{rel}","templated":true}]}}