{"id":47669,"date":"2025-06-22T19:00:47","date_gmt":"2025-06-22T22:00:47","guid":{"rendered":"https:\/\/aprendizdomundo.com\/portal\/?p=47669"},"modified":"2025-06-13T16:41:16","modified_gmt":"2025-06-13T19:41:16","slug":"sarandeio2984","status":"publish","type":"post","link":"https:\/\/aprendizdomundo.com\/portal\/2025\/06\/22\/sarandeio2984\/","title":{"rendered":"Sarandeio no amanhecer da Universidade AM, 23\/06"},"content":{"rendered":"<p><img fetchpriority=\"high\" decoding=\"async\" class=\"alignleft\" title=\"Sarandeio\" src=\"https:\/\/aprendizdomundo.com\/imagens\/sarandeio_d23.png\" alt=\"Sarandeio\" width=\"320\" height=\"320\" \/>Acompanhe o <strong>Sarandeio<\/strong> na pr\u00f3xima madrugada, a partir das <strong>05h00<\/strong>, pela <strong><a title=\"R\u00e1dio Universidade AM\" href=\"https:\/\/www.ufsm.br\/radio\" target=\"_blank\" rel=\"noopener\">R\u00e1dio Universidade AM<\/a><\/strong>.<\/p>\n<p>A sele\u00e7\u00e3o musical vai destacar&#8230;<\/p>\n<p>Grupo Fronteirismo &#8211; Pra Quem Gosta de Fandango<br \/>\nDaniel Cavalheiro &#8211; Ritual da Encilha<br \/>\nFogo de Ch\u00e3o &#8211; Balan\u00e7\u00e3o<br \/>\nValdir Santos &#8211; Est\u00e2ncia Santa Margarete<br \/>\nGrupo Rodeio &#8211; Bochincho com o Bolicheiro<br \/>\nAses do Fandango &#8211; Meu P\u00e9 de Serra<br \/>\nDaniel Barros &#8211; O Canto da Corru\u00edra<br \/>\nGarotos do Sul &#8211; Pras Bandas do Litoral<br \/>\nXir\u00fa Missioneiro &#8211; Corpo Esgualepado<br \/>\nGrupo Manota\u00e7o &#8211; Mais um Loco da Fronteira<br \/>\nBeto Caetano e Juliano Floriani &#8211; Volte pra Casa<br \/>\nGrupo Ch\u00e3o Batido &#8211; Sou Cambicheiro<br \/>\nOs Araganos &#8211; O Rio Grande Tem Tudo<br \/>\nGrupo Quer\u00eancia &#8211; Mae Campeira, na vers\u00e3o ao vivo<br \/>\nIedo Silva &#8211; Milonga da Fronteira<br \/>\nCassiano Gervin e Felipe Teixeira &#8211; Mistura Fina<br \/>\nGrupo Pastoreio &#8211; Traquejo de Vaneira<br \/>\nOs Serranos &#8211; Sentimento<br \/>\nC\u00e1ssia Abreu &#8211; Forroner\u00e3o<br \/>\nLegi\u00e3o Campeira &#8211; S\u00f3 no Passinho<br \/>\nGrupo Quero-Quero &#8211; Tranco de Fronteira<br \/>\nAlbino Manique &#8211; Aquela Mulher<br \/>\nBarranca e Fronteira &#8211; O Rio Grande Sou Eu<br \/>\nAlex Casanova &#8211; Meu Aldebar\u00e3<br \/>\nIvan Taborda &#8211; O Fazendeiro e o Benzedor (causo)<br \/>\nGrupo Candieiro &#8211; A Moda Campeira<br \/>\nAnt\u00f4nio Gringo e os Quatro Ventos &#8211; Quando Bate a Saudade<br \/>\nOs Chiripas &#8211; Dan\u00e7ador de Vaneira<br \/>\nRastros do Tempo &#8211; C\u00e9u, Sol, Sul, Terra e Cor<br \/>\nBaitaca e Grupo do Fundo da Grota &#8211; Baile dos Nome Feio<br \/>\nGrupo Sul Balan\u00e7o &#8211; Nosso Balan\u00e7\u00e3o<br \/>\nRui Biriva &#8211; Festan\u00e7a Rural<\/p>\n<p><strong><a title=\"Sarandeio\" href=\"https:\/\/aprendizdomundo.com\/portal\/radio\/programas\/sarandeio\/\">Sarandeio<\/a><\/strong> \u00e9 um programa dedicado \u00e0 m\u00fasica ga\u00facha, especialmente a vertente fandangueira. Re\u00fane can\u00e7\u00f5es de int\u00e9rpretes e grupos do Rio Grande do Sul e, tamb\u00e9m, artistas de outros estados que igualmente produzem m\u00fasica fandangueira.<\/p>\n<p>A atra\u00e7\u00e3o vai ao ar pela <strong>Universidade AM<\/strong>, todos os dias, na faixa das 05h00 \u00e0s 07h00. A pesquisa, produ\u00e7\u00e3o, sele\u00e7\u00e3o de repert\u00f3rio e edi\u00e7\u00e3o \u00e9 de <strong><a title=\"Milton Oliveira\" target=\"_blank\" rel=\"noopener\" href=\"https:\/\/aprendizdomundo.com\/miltonoliveira\">Milton Oliveira<\/a><\/strong>.<\/p>\n<p>O programa pode ser ouvido pelos <strong>800 AM<\/strong>, pelo <strong><a title=\"R\u00e1dio Universidade AM\" href=\"https:\/\/www.ufsm.br\/radio\" target=\"_blank\" rel=\"noopener\">site da emissora<\/a><\/strong> ou pelo smartphone, acessando seu aplicativo favorito.<\/p>\n","protected":false},"excerpt":{"rendered":"<p>Acompanhe o Sarandeio na pr\u00f3xima madrugada, a partir das 05h00, pela R\u00e1dio Universidade AM. A sele\u00e7\u00e3o musical vai destacar&#8230; Grupo Fronteirismo &#8211; Pra Quem Gosta de Fandango Daniel Cavalheiro &#8211; Ritual da Encilha Fogo de Ch\u00e3o &#8211; Balan\u00e7\u00e3o Valdir Santos &#8211; Est\u00e2ncia Santa Margarete Grupo Rodeio &#8211; Bochincho com o Bolicheiro Ases do Fandango &#8211; [&#8230;] <\/p>\n<p class=\"more-link-container\"><a href=\"https:\/\/aprendizdomundo.com\/portal\/2025\/06\/22\/sarandeio2984\/\" class=\"more-link\">Read More<span class=\"screen-reader-text\"> &#8220;Sarandeio no amanhecer da Universidade AM, 23\/06&#8221;<\/span><\/a><\/p>\n","protected":false},"author":1,"featured_media":47442,"comment_status":"closed","ping_status":"closed","sticky":false,"template":"","format":"standard","meta":{"_eb_attr":"","footnotes":""},"categories":[22],"tags":[51],"class_list":["post-47669","post","type-post","status-publish","format-standard","has-post-thumbnail","hentry","category-sarandeio","tag-sarandeio"],"nelio_content":{"autoShareEndMode":"never","automationSources":{"useCustomSentences":false,"customSentences":[]},"efiAlt":"","efiUrl":"","followers":[1],"highlights":[],"isAutoShareEnabled":true,"networkImageIds":[],"permalinkQueryArgs":[],"series":[],"suggestedReferences":[]},"_links":{"self":[{"href":"https:\/\/aprendizdomundo.com\/portal\/wp-json\/wp\/v2\/posts\/47669","targetHints":{"allow":["GET"]}}],"collection":[{"href":"https:\/\/aprendizdomundo.com\/portal\/wp-json\/wp\/v2\/posts"}],"about":[{"href":"https:\/\/aprendizdomundo.com\/portal\/wp-json\/wp\/v2\/types\/post"}],"author":[{"embeddable":true,"href":"https:\/\/aprendizdomundo.com\/portal\/wp-json\/wp\/v2\/users\/1"}],"replies":[{"embeddable":true,"href":"https:\/\/aprendizdomundo.com\/portal\/wp-json\/wp\/v2\/comments?post=47669"}],"version-history":[{"count":1,"href":"https:\/\/aprendizdomundo.com\/portal\/wp-json\/wp\/v2\/posts\/47669\/revisions"}],"predecessor-version":[{"id":47670,"href":"https:\/\/aprendizdomundo.com\/portal\/wp-json\/wp\/v2\/posts\/47669\/revisions\/47670"}],"wp:featuredmedia":[{"embeddable":true,"href":"https:\/\/aprendizdomundo.com\/portal\/wp-json\/wp\/v2\/media\/47442"}],"wp:attachment":[{"href":"https:\/\/aprendizdomundo.com\/portal\/wp-json\/wp\/v2\/media?parent=47669"}],"wp:term":[{"taxonomy":"category","embeddable":true,"href":"https:\/\/aprendizdomundo.com\/portal\/wp-json\/wp\/v2\/categories?post=47669"},{"taxonomy":"post_tag","embeddable":true,"href":"https:\/\/aprendizdomundo.com\/portal\/wp-json\/wp\/v2\/tags?post=47669"}],"curies":[{"name":"wp","href":"https:\/\/api.w.org\/{rel}","templated":true}]}}